{"id":367,"date":"2021-01-14T17:12:49","date_gmt":"2021-01-14T17:12:49","guid":{"rendered":"https:\/\/www.enescena.net\/?p=367"},"modified":"2023-10-29T18:49:45","modified_gmt":"2023-10-29T18:49:45","slug":"daniel-angles","status":"publish","type":"post","link":"https:\/\/www.enescena.net\/2021\/01\/14\/daniel-angles\/","title":{"rendered":"Daniel Angl\u00e8s"},"content":{"rendered":"<!-- wp:heading -->\n<h2 class=\"wp-block-heading\">&#8220;El meu ADN sempre m\u2019impulsa a construir i a adaptar-me a les adversitats com vinguin&#8221;<\/h2>\n<!-- \/wp:heading -->\n\n<!-- wp:paragraph -->\n<p>TAMB\u00c9 POTS ESCOLTAR L&#8217;<a href=\"https:\/\/www.radiosilenci.cat\/programs\/enessscena\/radiosilenci_podcast_15784?ref=wa\">ENTREVISTA A R\u00c0DIO SILENCI<\/a> (01\/10\/2022)<\/p>\n<!-- \/wp:paragraph -->\n\n<!-- wp:paragraph -->\n<p>Un dels meus g\u00e8neres teatrals preferit \u00e9s el teatre musical. M\u2019apassiona veure un espectacle al m\u00e9s pur estil neoyorqu\u00ed, ple de llum, plomes, m\u00fasica en directe i glamour. Gaudir d\u2019un Dagoll Dagom tan nostre, emocionant, grandiloq\u00fcent, ple de talents made in Catalunya. Escapar-me a Madrid durant unes hores a la Gran Via a veure produccions musicals que marquen generacions i que poden fins i tot desmuntar l\u2019estructura d\u2019un teatre per poder-se representar. Per\u00f2 reconec que el musical de petit format m\u2019enamora, aquell espectacle de butxaca que amb poques parafern\u00e0lies se\u2019t queda gravat a un rac\u00f3 del teu cor. Per aix\u00f2 m\u2019emociona tant tenir l\u2019ocasi\u00f3 de parlar amb en Daniel Angl\u00e8s, fundador d\u2019El Musical M\u00e9s Petit l\u2019any 1996, una companyia de la que vaig ser fan n\u00famero 1 per la seva qualitat musical, exquisita selecci\u00f3 dels muntantges i excel\u00b7lent nivell interpretatiu. <em>Tu, jo, ell, ella\u2026 i Webber\u2026 i Sch\u00f6nberg\u2026<\/em>, <em>El Somni de Mozart<\/em>, <em>Hedwing&amp;el cent\u00edmetre cabrejat <\/em>o <em>Merrily we roll along <\/em>s\u00f3n alguns dels muntatges d\u2019aquesta petita formaci\u00f3 durant els seus primers anys de traject\u00f2ria.<\/p>\n<!-- \/wp:paragraph -->\n\n<!-- wp:paragraph -->\n<p>Iniciem una entrevista amb en Daniel Angl\u00e8s, amb qui passaria hores parlant, i tindr\u00edem converses de dies sencers, no nom\u00e9s per compartir aficions, generaci\u00f3 i espectacles que ens han marcat, sin\u00f2 perqu\u00e8 \u00e9s un bellugueta que no para de crear, projectar, treballar\u2026 fins i tot en temps de pand\u00e8mia.<\/p>\n<!-- \/wp:paragraph -->\n\n<!-- wp:paragraph -->\n<p><strong>Bona tarda Daniel. T\u2019admiro i admiro la teva tasca dins el teatre musical. Per\u00f2 saps, pel poquet que hem parlat, que tu i jo estem aqu\u00ed perqu\u00e8 <em>El Musical M\u00e9s Petit<\/em> (EM+P) em va marcar no d\u2019una manera petita, sin\u00f2 enorme. Com va n\u00e8ixer el projecte, com el vas viure i per qu\u00e8 no va continuar?<\/strong><\/p>\n<!-- \/wp:paragraph -->\n\n<!-- wp:paragraph -->\n<p>La millor de manera de comen\u00e7ar una entrevista, que et diguin que t\u2019admiren! EM+P va n\u00e8ixer com la majoria de coses que acaben per tenir molta trascend\u00e8ncia: sense pretendre-ho i sense adonar-se\u2019n. La Pilar Capellades i jo, que som amics de tota la vida, f\u00e8iem classes de cant amb la Susanna Dom\u00e8nech, i ens vam trobar amb el Manu Guix en un espectacle de la Coco Com\u00edn que es deia <em>Bojos per Broadway<\/em>, l\u2019any 95. Quan vam veure que s\u2019acabava, el Manu Guix ens va dir que feia un concert cada any per a l\u2019Associaci\u00f3 ASPACE i ens convidava a fer-ho junts. All\u00f2 es va transformar en el primer espectacle d\u2019EM+P. Vam muntar aquell concert i, a quatre dies d\u2019interpretar-lo, se\u2019m va oc\u00f3rrer convidar a un director d\u2019algun teatre. Va venir l\u2019Ever Blanchet, del Versus Teatre, i ens va dir que podr\u00edem entrar-hi en tres setmanes. Amb un parell d\u2019elements esc\u00e8nics nous, vam estrenar <em>Tu, jo, ell, ella\u2026 i Webber\u2026 i Sch\u00f6nberg\u2026<\/em> sense intenci\u00f3 de crear companyia. Despr\u00e9s d&#8217;unes setmanes en cartell, vaig plantejar-los crear continu\u00eftat a aquella formaci\u00f3 de musicals de petit format. Tots vam decidir que s\u00ed. Jo ho vaig viure tot sense tenir massa consci\u00e8ncia, amb molta felicitat, ens sent\u00edem tots molt afortunats i amb ganes de saber qu\u00e8 far\u00edem despr\u00e9s. Amb el temps, a nivell empresarial, me n\u2019adono que aquell neguit ens va fer prendre decisions err\u00f2nees. Per\u00f2 vam fer el que vol\u00edem fer. Acabar-se no s&#8217;ha acabat mai. La companyia ha tingut pujades i baixades. Ara mateix segueix existint com a productora. T\u2019avan\u00e7o que podria tornar a reapar\u00e8ixer en qualsevol moment en un format m\u00e9s reconeixible pel p\u00fablic. La Pili, la Susanna i jo continuem mantenint l\u2019amistat i aquell caliu que li donava sentit, encara segueix viu.<\/p>\n<!-- \/wp:paragraph -->\n\n<!-- wp:paragraph -->\n<p><strong>Unes altres coses, en aquest cas, persones, que crec que ens apassionen als dos s\u00f3n l\u2019\u00c0ngels Gonyalons i la Coco Com\u00edn, dues de les grans referents del musical al nostre pa\u00eds i que van influir molt en els teus inicis professionals.<\/strong><br>El BUP i el COU el vaig fer amb una carpeta plena de fotos de l\u2019\u00c0ngels Gonyalons. El meu moment de devoci\u00f3 absoluta cap a una persona el vaig viure amb ella. Vaig tenir la sort de veure-la a <em>Mar i Cel<\/em>, <em>Estan tocant la nostra can\u00e7\u00f3<\/em>, <em>Memory<\/em>, <em>Tots dos<\/em>\u2026 No em vaig perdre cap espectacle de l\u2019\u00c0ngels. Vaig aprendre-ho tot sobre el musical americ\u00e0 a partir d&#8217;aquells obres. Dirigida pel Ricard Reguant, ens van apropar musicals que aqu\u00ed no coneix\u00edem. L\u2019he admirat i respectat sempre molt\u00edssim.<\/p>\n<!-- \/wp:paragraph -->\n\n<!-- wp:quote {\"className\":\"is-style-default\"} -->\n<blockquote class=\"wp-block-quote is-style-default\"><!-- wp:paragraph -->\n<p>El Musical M\u00e9s Petit va n\u00e8ixer com la majoria de coses que acaben per tenir molta trascend\u00e8ncia: sense pretendre-ho i sense adonar-se\u2019n.<\/p>\n<!-- \/wp:paragraph --><\/blockquote>\n<!-- \/wp:quote -->\n\n<!-- wp:group -->\n<div class=\"wp-block-group\"><!-- wp:gallery {\"linkTo\":\"none\"} -->\n<figure class=\"wp-block-gallery has-nested-images columns-default is-cropped\"><!-- wp:image {\"id\":374,\"sizeSlug\":\"large\",\"linkDestination\":\"none\"} -->\n<figure class=\"wp-block-image size-large\"><img loading=\"lazy\" decoding=\"async\" width=\"1024\" height=\"506\" src=\"https:\/\/www.enescena.net\/wp-content\/uploads\/2021\/01\/imatge12-1024x506.jpg\" alt=\"\" class=\"wp-image-374\" srcset=\"https:\/\/www.enescena.net\/wp-content\/uploads\/2021\/01\/imatge12-1024x506.jpg 1024w, https:\/\/www.enescena.net\/wp-content\/uploads\/2021\/01\/imatge12-300x148.jpg 300w, https:\/\/www.enescena.net\/wp-content\/uploads\/2021\/01\/imatge12-768x380.jpg 768w, https:\/\/www.enescena.net\/wp-content\/uploads\/2021\/01\/imatge12-1536x759.jpg 1536w, https:\/\/www.enescena.net\/wp-content\/uploads\/2021\/01\/imatge12-2048x1013.jpg 2048w\" sizes=\"auto, (max-width: 1024px) 100vw, 1024px\" \/><\/figure>\n<!-- \/wp:image -->\n\n<!-- wp:image {\"id\":372,\"sizeSlug\":\"large\",\"linkDestination\":\"none\"} -->\n<figure class=\"wp-block-image size-large\"><img loading=\"lazy\" decoding=\"async\" width=\"1024\" height=\"434\" src=\"https:\/\/www.enescena.net\/wp-content\/uploads\/2021\/01\/imatge4-1024x434.jpg\" alt=\"\" class=\"wp-image-372\" srcset=\"https:\/\/www.enescena.net\/wp-content\/uploads\/2021\/01\/imatge4-1024x434.jpg 1024w, https:\/\/www.enescena.net\/wp-content\/uploads\/2021\/01\/imatge4-300x127.jpg 300w, https:\/\/www.enescena.net\/wp-content\/uploads\/2021\/01\/imatge4-768x325.jpg 768w, https:\/\/www.enescena.net\/wp-content\/uploads\/2021\/01\/imatge4-1536x651.jpg 1536w, https:\/\/www.enescena.net\/wp-content\/uploads\/2021\/01\/imatge4-2048x868.jpg 2048w\" sizes=\"auto, (max-width: 1024px) 100vw, 1024px\" \/><\/figure>\n<!-- \/wp:image -->\n\n<!-- wp:image {\"id\":375,\"sizeSlug\":\"large\",\"linkDestination\":\"none\"} -->\n<figure class=\"wp-block-image size-large\"><img loading=\"lazy\" decoding=\"async\" width=\"1024\" height=\"680\" src=\"https:\/\/www.enescena.net\/wp-content\/uploads\/2021\/01\/imatge20-1024x680.jpg\" alt=\"\" class=\"wp-image-375\" srcset=\"https:\/\/www.enescena.net\/wp-content\/uploads\/2021\/01\/imatge20-1024x680.jpg 1024w, https:\/\/www.enescena.net\/wp-content\/uploads\/2021\/01\/imatge20-300x199.jpg 300w, https:\/\/www.enescena.net\/wp-content\/uploads\/2021\/01\/imatge20-768x510.jpg 768w, https:\/\/www.enescena.net\/wp-content\/uploads\/2021\/01\/imatge20-1536x1020.jpg 1536w, https:\/\/www.enescena.net\/wp-content\/uploads\/2021\/01\/imatge20-2048x1360.jpg 2048w\" sizes=\"auto, (max-width: 1024px) 100vw, 1024px\" \/><\/figure>\n<!-- \/wp:image -->\n\n<!-- wp:image {\"id\":376,\"sizeSlug\":\"large\",\"linkDestination\":\"none\"} -->\n<figure class=\"wp-block-image size-large\"><img loading=\"lazy\" decoding=\"async\" width=\"1024\" height=\"680\" src=\"https:\/\/www.enescena.net\/wp-content\/uploads\/2021\/01\/imatge9-1-1024x680.jpg\" alt=\"\" class=\"wp-image-376\" srcset=\"https:\/\/www.enescena.net\/wp-content\/uploads\/2021\/01\/imatge9-1-1024x680.jpg 1024w, https:\/\/www.enescena.net\/wp-content\/uploads\/2021\/01\/imatge9-1-300x199.jpg 300w, https:\/\/www.enescena.net\/wp-content\/uploads\/2021\/01\/imatge9-1-768x510.jpg 768w, https:\/\/www.enescena.net\/wp-content\/uploads\/2021\/01\/imatge9-1-1536x1020.jpg 1536w, https:\/\/www.enescena.net\/wp-content\/uploads\/2021\/01\/imatge9-1-2048x1360.jpg 2048w\" sizes=\"auto, (max-width: 1024px) 100vw, 1024px\" \/><\/figure>\n<!-- \/wp:image --><\/figure>\n<!-- \/wp:gallery --><\/div>\n<!-- \/wp:group -->\n\n<!-- wp:group -->\n<div class=\"wp-block-group\"><!-- wp:group -->\n<div class=\"wp-block-group\"><!-- wp:group -->\n<div class=\"wp-block-group\"><!-- wp:group -->\n<div class=\"wp-block-group\"><!-- wp:group -->\n<div class=\"wp-block-group\"><!-- wp:group -->\n<div class=\"wp-block-group\"><!-- wp:group -->\n<div class=\"wp-block-group\"><\/div>\n<!-- \/wp:group --><\/div>\n<!-- \/wp:group --><\/div>\n<!-- \/wp:group --><\/div>\n<!-- \/wp:group --><\/div>\n<!-- \/wp:group --><\/div>\n<!-- \/wp:group --><\/div>\n<!-- \/wp:group -->\n\n<!-- wp:paragraph -->\n<p>En Daniel Angl\u00e8s \u00e9s actor, director, productor, adaptador i int\u00e8rpret de textos i lletres de teatre musical. Tamb\u00e9 treballa com a doblador, locutor de r\u00e0dio, director de c\u00e0stings i jutge a concursos televisius. L\u2019hem pogut veure a la petita pantalla com a subdirector de l\u2019<em>Acad\u00e8mia Operaci\u00f3n Triunfo<\/em> i de jurat a <em>Oh Happy Day<\/em>. Est\u00e0 al capdavant de la productora d\u2019espectacles No Day But Today. Ha portat la batuta d\u2019espectacles com <em>Mamma Mia<\/em>, <em>Los miserables<\/em>, <em>La Bella y la Bestia<\/em> o <em>Hair<\/em>. I dalt de l\u2019escenari, ha estat en Pep Consci\u00e8ncies a <em>Pinotxo<\/em>, en Mark de <em>Rent<\/em> o en Gringoire de <em>Notre Dame de Par\u00eds<\/em>, entre d\u2019altres. Com a doblador, posa veu a diferents s\u00e8ries i pel\u00b7l\u00edcules d\u2019animaci\u00f3 com <em>Pok\u00e9mon<\/em>, <em>Super-nenas<\/em>, <em>The Road to El Dorado<\/em>, de Dreamworks, o <em>El jerperut de Notre Dame<\/em>, de Walt Disney.<\/p>\n<!-- \/wp:paragraph -->\n\n<!-- wp:paragraph -->\n<p>Una traject\u00f2ria poli\u00e8drica, d\u2019una persona dedicada amb cos i \u00e0nima al teatre musical, i que ara compagina la direcci\u00f3 art\u00edstica del Teatre Condal amb la direcci\u00f3 de l\u2019escola Aules, Arts Esc\u00e8niques de Barcelona, i el projecte ONYRIC del Grup Focus. Es tracta d\u2019una programaci\u00f3 d\u2019espectacles de petit format, de caire m\u00e9s \u00edntim, a l\u2019espai Club de la cafeteria del mateix Teatre Condal, en el que s\u2019ha presentat m\u00e9s de 50 propostes de diferents estils. Despr\u00e8s de l\u2019\u00e8xit de <em>Rent<\/em>, la primera producci\u00f3 pr\u00f2pia d\u2019Onyric, Angl\u00e8s s\u2019embarca en la producci\u00f3 de <em>Golfus de Roma<\/em>. Aquests \u00e9s un dels molts altres projectes que ell mateix ens explica.<\/p>\n<!-- \/wp:paragraph -->\n\n<!-- wp:paragraph -->\n<p><strong>El projecte Onyric t\u00e9 d\u2019alguna manera l\u2019ess\u00e8ncia d\u2019aquell EM+P, almenys en la seva declaraci\u00f3 d\u2019intencions i desig de potenciar el talent i recuperaci\u00f3 de joies musicals. Et sembla una bona definici\u00f3?<\/strong><br>S\u00ed, la veritat. Estic molt content de com est\u00e0 funcionant. El projecte va arrencar amb la intenci\u00f3 de tenir una seu estable i instal\u00b7lar-se al teatre Condal. Vam viure una primera temporada \u00e8pica. N\u2019estic orgulloss\u00edssim de com va anar, d\u2019acollir tant talent i creativitat durant aquells primers vuit mesos. Onyric \u00e9s ara la marca amb la que Focus desenvolupar\u00e0 la producci\u00f3 de musicals. Volem muntar <em>Golfus de Roma<\/em> i em fa especial il\u00b7lusi\u00f3 que sigui Focus qui est\u00e0 al darrera, com en el seu moment dels musicals que parl\u00e0vem abans (<em>Estan tocant la nostra can\u00e7\u00f3<\/em>, <em>Memory<\/em>&#8230;).<\/p>\n<!-- \/wp:paragraph -->\n\n<!-- wp:paragraph -->\n<p><strong>Entenc que la pand\u00e8mia ha afectat en el muntatge de<em> Golfus de Roma<\/em>. En quin moment est\u00e0 la producci\u00f3 de l\u2019espectacle?<\/strong><br><em>Golfus de Roma<\/em> s\u2019hauria d\u2019haver estrenat l\u2019estiu de l\u2019any passat i avui estaria fent temporada. Es un projecte que es va haver d\u2019aturar i ara el reemprendrem en el calendari que ten\u00edem previst, per\u00f2 un any despr\u00e9s. Tota la resta doncs, es despla\u00e7a un any. En el teatre, hem d\u2019entendre que un any no ha existit. Que tan de bo no hagu\u00e9s existit, perqu\u00e8 l\u2019hem hagut de patir!<\/p>\n<!-- \/wp:paragraph -->\n\n<!-- wp:paragraph -->\n<p><strong>En quins altres projectes est\u00e0s treballant en aquests moments?<\/strong><br>Estic treballant en moltes coses. No et puc explicar massa, per\u00f2 et menciono que estic dirigint una pel\u00b7l\u00edcula documental, que jo mai he fet. Sempre m\u2019agrada fer coses noves, aprendre llenguatges nous, treballar amb gent de mitjans que no conec. Per aix\u00f2 \u00e9s un proc\u00e8s molt xulo en el que estic invertint molt de temps ara mateix. Ho compagino amb les meves dues feines principals i constants: la direcci\u00f3 art\u00edstica dins el Grup Focus i la meva escola Aules. Tamb\u00e9 est\u00e0 el projecte <em>Golfus de Roma <\/em>i jo sempre tinc dues o tres coses en futur i desenvolupament: ara estic en ple proc\u00e8s d\u2019escriptura i creaci\u00f3 d\u2019un musical i en la possible recuperaci\u00f3 nost\u00e0lgica d\u2019EM+P. Perqu\u00e8 aquest any es compleixen els 25 anys d\u2019EM+P i estem pensant si ho celebrem p\u00fablicament de manera esc\u00e8nica o ens anem a fer un sopar un dia nosaltres en la intimitat.<\/p>\n<!-- \/wp:paragraph -->\n\n<!-- wp:quote {\"className\":\"is-style-default\"} -->\n<blockquote class=\"wp-block-quote is-style-default\"><!-- wp:paragraph -->\n<p>En el teatre, hem d\u2019entendre que un any no ha existit.<\/p>\n<!-- \/wp:paragraph --><\/blockquote>\n<!-- \/wp:quote -->\n\n<!-- wp:image {\"id\":378,\"sizeSlug\":\"large\",\"linkDestination\":\"none\"} -->\n<figure class=\"wp-block-image size-large\"><img loading=\"lazy\" decoding=\"async\" width=\"1024\" height=\"572\" src=\"https:\/\/www.enescena.net\/wp-content\/uploads\/2021\/01\/1485974083443-1024x572.jpg\" alt=\"\" class=\"wp-image-378\" srcset=\"https:\/\/www.enescena.net\/wp-content\/uploads\/2021\/01\/1485974083443-1024x572.jpg 1024w, https:\/\/www.enescena.net\/wp-content\/uploads\/2021\/01\/1485974083443-300x168.jpg 300w, https:\/\/www.enescena.net\/wp-content\/uploads\/2021\/01\/1485974083443-768x429.jpg 768w, https:\/\/www.enescena.net\/wp-content\/uploads\/2021\/01\/1485974083443.jpg 1200w\" sizes=\"auto, (max-width: 1024px) 100vw, 1024px\" \/><figcaption class=\"wp-element-caption\">          Copyright: Joan Puig<\/figcaption><\/figure>\n<!-- \/wp:image -->\n\n<!-- wp:group -->\n<div class=\"wp-block-group\"><!-- wp:group -->\n<div class=\"wp-block-group\"><\/div>\n<!-- \/wp:group --><\/div>\n<!-- \/wp:group -->\n\n<!-- wp:paragraph -->\n<p>Parlant una mica sobre la persona, en Daniel Angl\u00e8s \u00e9s gran aficionat a la Roc\u00edo Jurado des de ben petit. L\u2019any 2015 acompleix el seu somni de publicar un \u00e0lbum de versions sobre la cantautora espanyola anomenat <em>Punto de Roc\u00edo<\/em>. S\u00f3n can\u00e7ons que, per a ell, formen part de la banda sonora de la seva inf\u00e0ncia.<br>Entre els espectacles que ha dirigit trobem <em>Rent<\/em> i <em>Fun home<\/em>, a tots dos es parla sobre l\u2019homosexualitat, un tema que Angl\u00e8s viu amb total naturalitat, com va demostrar p\u00fablicament a el programa de TV3 <em>El Sopar<\/em>, demanant matrimoni al V\u00edctor, la seva parella. A l\u2019estrena de <em>Fun home<\/em> va evidenciar la manca de referents homosexuals i va expressar literalment: \u201cQuantes estrelles de cine i esportistes han sortit de l\u2019armari?\u201d<br>L\u2019any 2003 forma la escola de teatre musical Aules, de la que n\u2019\u00e9s director i professor. La doc\u00e8ncia \u00e9s una de les seves passions i m\u00e9s quan ve recolzada per un equip de joves professionals que treballen per impulsar el talent i la creativitat. Aules \u00e9s avui, amb 18 anys de vida, un centre de formaci\u00f3 de refer\u00e8ncia per a molts dels professionals en actiu del g\u00e8nere musical.<\/p>\n<!-- \/wp:paragraph -->\n\n<!-- wp:paragraph -->\n<p><br><strong>Respecte Aules, l\u2019escola musical que capitanejes, com s\u2019est\u00e0 vivint la situaci\u00f3 actual? Feu treball online? I la pregunta obligada: funciona?<\/strong><br>Quan ens van tancar al mar\u00e7, vam decidir que fos com fos, no aturar\u00edem la nostra activitat. T\u00e9 molt a veure amb el meu ADN, que sempre m\u2019impulsa a construir, a no parar mai, i en adaptar-me a les adversitats com vinguin. La decisi\u00f3 es va prendre en q\u00fcesti\u00f3 de minuts, per\u00f2 amb una gran part pedag\u00f2gica que vam voler traslladar al nostre alumnat: treballem amb el que tenim, treient el millor resultat possible. Seguirem aprenent amb les condicions que hi ha. El treball online no \u00e9s millor que el presencial, per\u00f2 \u00e9s millor online o no fer res? Com que l\u2019alternativa a l\u2019online era deixar de fer classes, l\u2019online es converteix en la millor de les opcions donades les circumst\u00e0ncies. Les primeres setmanes van ser ca\u00f2tiques, per\u00f2 l\u2019experi\u00e8ncia i l\u2019enginy ens ha fet veure que hi ha certes mat\u00e8ries te\u00f2riques i activitats individuals funcionen. Fins i tot tinc alumnes que ara em diuen que es queden a casa i fem la classe aix\u00ed. No hem susp\u00e8s mai ni una sola classe i tots els projectes que ten\u00edem iniciats, s\u2019han representat davant de p\u00fablic abans o despr\u00e9s. Hem fet un esfor\u00e7 molt gran, que mai podr\u00e9 agra\u00efr suficient a tot l\u2019equip docent i de l\u2019escola. No me n\u2019alegro de tota aquesta situaci\u00f3, per\u00f2 la realitat \u00e9s que n\u2019hem apr\u00e8s molt i hem extret moltes viv\u00e8ncies positives.<\/p>\n<!-- \/wp:paragraph -->\n\n<!-- wp:quote {\"className\":\"is-style-default\"} -->\n<blockquote class=\"wp-block-quote is-style-default\"><!-- wp:paragraph -->\n<p>A la nostra professi\u00f3 estem acostumats a conviure amb la dificultat, a la inestabilitat.<\/p>\n<!-- \/wp:paragraph --><\/blockquote>\n<!-- \/wp:quote -->\n\n<!-- wp:image {\"id\":377,\"sizeSlug\":\"large\",\"linkDestination\":\"none\"} -->\n<figure class=\"wp-block-image size-large\"><img loading=\"lazy\" decoding=\"async\" width=\"1024\" height=\"683\" src=\"https:\/\/www.enescena.net\/wp-content\/uploads\/2021\/01\/903726_559672844063377_176881011_o-1024x683.jpg\" alt=\"\" class=\"wp-image-377\" srcset=\"https:\/\/www.enescena.net\/wp-content\/uploads\/2021\/01\/903726_559672844063377_176881011_o-1024x683.jpg 1024w, https:\/\/www.enescena.net\/wp-content\/uploads\/2021\/01\/903726_559672844063377_176881011_o-300x200.jpg 300w, https:\/\/www.enescena.net\/wp-content\/uploads\/2021\/01\/903726_559672844063377_176881011_o-768x512.jpg 768w, https:\/\/www.enescena.net\/wp-content\/uploads\/2021\/01\/903726_559672844063377_176881011_o-1536x1024.jpg 1536w, https:\/\/www.enescena.net\/wp-content\/uploads\/2021\/01\/903726_559672844063377_176881011_o.jpg 2048w\" sizes=\"auto, (max-width: 1024px) 100vw, 1024px\" \/><\/figure>\n<!-- \/wp:image -->\n\n<!-- wp:paragraph -->\n<p><br>Des dels 18 anys que va comen\u00e7ar a treballar professionalment, en Daniel Angl\u00e8s ha estat guardonat amb 5 Premis Butaca i un Premi Sebasti\u00e0 Guasch amb la companyia EM+P; ha guanyat 4 Premis BroadwayWorld i 1 Premi de Teatre Musical amb <em>Rent<\/em>; i el Premi de la Cr\u00edtica de Barcelona al Millor Musical amb <em>Bare<\/em>.<br>Per\u00f2 un dels guardons m\u00e9s grans que va rebre l\u2019any 2017 \u00e9s la direcci\u00f3 del projecte art\u00edstic del Teatre Condal de Barcelona. Acabem parlant de la programaci\u00f3 del Condal, que actualment t\u00e9 en cartell l\u2019exit\u00f3s E<em>l pare de la n\u00favia<\/em>. L\u2019espectacle \u00e9s un dels tants que es va veure afectat per la COVID19, igual que <em>Cobertura<\/em>, que torna amb una nova temporada a partir del mes de mar\u00e7.<\/p>\n<!-- \/wp:paragraph -->\n\n<!-- wp:paragraph -->\n<p><br><strong>Pel que fa al teatre Condal, t\u2019he llegit dir que el denominador com\u00fa \u201cs\u00f3n els espectacles dirigits a p\u00fablics majoritaris\u201d. Fixant-nos en la programaci\u00f3 actual, per a tu, en aquests moments i al nostre pa\u00eds, \u00e9s la com\u00e8dia el g\u00e8nere que pot arribar a m\u00e9s p\u00fablic?<\/strong><br>No s\u00e9 si \u00e9s el que pot arribar a m\u00e9s p\u00fablic, per\u00f2 crec \u00e9s el que m\u00e9s p\u00fablic necessita. \u00c9s un moment en qu\u00e8 riure ens va molt b\u00e9. Per aix\u00f2 programem tres reposicions d\u2019espectacles que van quedar suspesos per la pand\u00e8mia. Em semblava que eren espectacles que seguien tenint vida i que havien de tornar als escenaris de Barcelona. A m\u00e9s, ens permeten no produir de nou, ja que no hi ha diners, per\u00f2 per sobre de tot perqu\u00e8 s\u00ed crec que \u00e9s el tipus d\u2019espectacles que la gent vol veure ara. L\u2019esfor\u00e7 que ens suposa anar al teatre aquests dies, si \u00e9s per riure i divertir-nos, benvingut sigui!<br><strong>Reprogramant <em>El pare de la n\u00favia<\/em> i <em>Cobertura<\/em>, s\u2019aposta per espectacles que hem vist per\u00f2 que han quedat interromputs per la pand\u00e8mia. \u00c9s una segona oportunitat per espectacles que no podem deixar de veure, podem anunciar qu\u00e8 vindr\u00e0 despr\u00e9s o \u00e9s massa agosarat en aquests moments programar m\u00e9s enll\u00e0?<\/strong><br>\u00c9s massa agosarat, per\u00f2 ho hem de fer. A Focus hem de programar amb un any i mig vista. Per tant, jo tinc una programaci\u00f3 del Condal fins a finals del 2022. Per\u00f2 ara m\u00e9s que mai, amb pinces i susceptible de modificacions. La idea seria poder estrenar un musical aquest estiu molt bonic, que jo no dirigeixo. Tan de bo es pugui fer! A la nostra professi\u00f3 estem acostumats a conviure amb la dificultat i la inestabilitat. Els actors i directors vivim en aquesta situaci\u00f3 cont\u00ednuament. Aprofito l&#8217;entrevista per agra\u00efr a les persones com tu, Lorena, que heu decidit donar veu, llum i visibilitat al m\u00f3n de l\u2019espectacle i la cultura en aquests moments tan dif\u00edcils. Pensa que nosaltres el mes de mar\u00e7 vam decidir regalar la nostra feina, fent tot el que pod\u00edem per ajudar a la gent. Agraeixo molt l\u2019esfor\u00e7 que esteu fent amb el vostre temps, de manera desinteressada, per visibilitzar-nos, perqu\u00e8 es parli del que passa als teatres i donar-nos el valor que podem aportar a aquesta societat.<\/p>\n<!-- \/wp:paragraph -->\n\n<!-- wp:quote {\"className\":\"is-style-default\"} -->\n<blockquote class=\"wp-block-quote is-style-default\"><!-- wp:paragraph -->\n<p>L\u2019esfor\u00e7 que ens suposa anar al teatre aquests dies, si \u00e9s per riure i divertir-nos, benvingut sigui!<\/p>\n<!-- \/wp:paragraph --><\/blockquote>\n<!-- \/wp:quote -->\n\n<!-- wp:image {\"id\":379,\"sizeSlug\":\"large\",\"linkDestination\":\"none\"} -->\n<figure class=\"wp-block-image size-large\"><img loading=\"lazy\" decoding=\"async\" width=\"1024\" height=\"683\" src=\"https:\/\/www.enescena.net\/wp-content\/uploads\/2021\/01\/19441830_1628909157139735_8985940927626585249_o-1024x683.jpg\" alt=\"\" class=\"wp-image-379\" srcset=\"https:\/\/www.enescena.net\/wp-content\/uploads\/2021\/01\/19441830_1628909157139735_8985940927626585249_o-1024x683.jpg 1024w, https:\/\/www.enescena.net\/wp-content\/uploads\/2021\/01\/19441830_1628909157139735_8985940927626585249_o-300x200.jpg 300w, https:\/\/www.enescena.net\/wp-content\/uploads\/2021\/01\/19441830_1628909157139735_8985940927626585249_o-768x512.jpg 768w, https:\/\/www.enescena.net\/wp-content\/uploads\/2021\/01\/19441830_1628909157139735_8985940927626585249_o-1536x1024.jpg 1536w, https:\/\/www.enescena.net\/wp-content\/uploads\/2021\/01\/19441830_1628909157139735_8985940927626585249_o.jpg 2048w\" sizes=\"auto, (max-width: 1024px) 100vw, 1024px\" \/><\/figure>\n<!-- \/wp:image -->","protected":false},"excerpt":{"rendered":"<p>&#8220;El meu ADN sempre m\u2019impulsa a construir i a adaptar-me a les adversitats com vinguin&#8221; TAMB\u00c9 POTS ESCOLTAR L&#8217;ENTREVISTA A&#8230;<\/p>\n","protected":false},"author":1,"featured_media":368,"comment_status":"open","ping_status":"open","sticky":false,"template":"","format":"standard","meta":{"footnotes":""},"categories":[5,65,24],"tags":[62,61,59,63,26,64],"class_list":["post-367","post","type-post","status-publish","format-standard","has-post-thumbnail","hentry","category-entrevistes","category-musicales","category-portada","tag-aules","tag-condal","tag-daniel-angles","tag-el-musical-mes-petit","tag-musical","tag-onyric"],"_links":{"self":[{"href":"https:\/\/www.enescena.net\/wp-json\/wp\/v2\/posts\/367","targetHints":{"allow":["GET"]}}],"collection":[{"href":"https:\/\/www.enescena.net\/wp-json\/wp\/v2\/posts"}],"about":[{"href":"https:\/\/www.enescena.net\/wp-json\/wp\/v2\/types\/post"}],"author":[{"embeddable":true,"href":"https:\/\/www.enescena.net\/wp-json\/wp\/v2\/users\/1"}],"replies":[{"embeddable":true,"href":"https:\/\/www.enescena.net\/wp-json\/wp\/v2\/comments?post=367"}],"version-history":[{"count":8,"href":"https:\/\/www.enescena.net\/wp-json\/wp\/v2\/posts\/367\/revisions"}],"predecessor-version":[{"id":1187,"href":"https:\/\/www.enescena.net\/wp-json\/wp\/v2\/posts\/367\/revisions\/1187"}],"wp:featuredmedia":[{"embeddable":true,"href":"https:\/\/www.enescena.net\/wp-json\/wp\/v2\/media\/368"}],"wp:attachment":[{"href":"https:\/\/www.enescena.net\/wp-json\/wp\/v2\/media?parent=367"}],"wp:term":[{"taxonomy":"category","embeddable":true,"href":"https:\/\/www.enescena.net\/wp-json\/wp\/v2\/categories?post=367"},{"taxonomy":"post_tag","embeddable":true,"href":"https:\/\/www.enescena.net\/wp-json\/wp\/v2\/tags?post=367"}],"curies":[{"name":"wp","href":"https:\/\/api.w.org\/{rel}","templated":true}]}}