{"id":385,"date":"2021-01-19T14:19:00","date_gmt":"2021-01-19T14:19:00","guid":{"rendered":"https:\/\/www.enescena.net\/?p=385"},"modified":"2023-10-29T19:04:11","modified_gmt":"2023-10-29T19:04:11","slug":"anna-moliner","status":"publish","type":"post","link":"https:\/\/www.enescena.net\/2021\/01\/19\/anna-moliner\/","title":{"rendered":"Anna Moliner"},"content":{"rendered":"<!-- wp:heading -->\n<h2 class=\"wp-block-heading\">&#8220;Los sue\u00f1os se pueden hacer realidad, siempre y cuando haya salud&#8221;<\/h2>\n<!-- \/wp:heading -->\n\n<!-- wp:paragraph -->\n<p>TAMB\u00c9 POTS ESCOLTAR L&#8217;<a href=\"https:\/\/www.radiosilenci.cat\/programs\/enessscena\/radiosilenci_podcast_16571?ref=wa\">ENTREVISTA A R\u00c0DIO SILENCI<\/a> (24\/12\/2022)<\/p>\n<!-- \/wp:paragraph -->\n\n<!-- wp:paragraph -->\n<p>Ser amante desde bien peque\u00f1a de un g\u00e9nero que sigues, has recibido formaci\u00f3n y trabajas, hace que vayas adquiriendo poco a poco una mirada cr\u00edtica, una intuici\u00f3n o una sensibilidad especial para intuir d\u00f3nde hay talento y proyecci\u00f3n de futuro. Sin \u00e1nimo de ser arrogante, el d\u00eda que vi <em>Danny i Roberta<\/em> supe claramente que Anna Moliner ten\u00eda un largo camino por delante. Me hab\u00eda enamorado su voz en <em>Boscos Endins<\/em>, de Dagoll Dagom, pero no dejaba de ser un papel a medida para una actriz muy joven, de rostro angelical y mirada inocente. En cambio, en aquel montaje de <em>Danny i Roberta<\/em> en el Versus Teatre, escribiendo la cr\u00edtica del espect\u00e1culo, descubr\u00ed gran derroche de talento y cu\u00e1nto pod\u00eda ofrecer aquella actriz que parec\u00eda tan dulce f\u00edsicamente y ten\u00eda aquella garra en su interior.<\/p>\n<!-- \/wp:paragraph -->\n\n<!-- wp:paragraph -->\n<p><br>Anna Moliner naci\u00f3 en Badalona en 1984. Era bien peque\u00f1a cuando vi\u00f3 la pel\u00edcula <em>La Historia Interminable<\/em> y pens\u00f3 \u201cno quiero dejar nunca de jugar y vivir en mundos de fantas\u00eda\u201d. M\u00e1s adelante, en <em>La Gaviota<\/em>, de Ant\u00f3n Ch\u00e9jov, ley\u00f3 una frase con la que se se sinti\u00f3 totalmente identificada: \u201ccuando pienso en mi vocaci\u00f3n, la vida no me asusta\u201d. Una cosa y otra hacen comprender a Anna que quiere ser actriz. Bailaba jazz, claqu\u00e9 y contempor\u00e1neo, adem\u00e1s de estudiar m\u00fasica y tocar la guitarra. En su familia no hab\u00eda nadie vinculado al mundo teatral, pero su padre era un aut\u00e9ntico mel\u00f3mano, seguidor de Paul McCartney y Neil Young, e inculc\u00f3 a sus dos hijas su amor por la m\u00fasica hasta el punto que han hecho profesi\u00f3n: Anna es actriz de musicales y N\u00faria, cantante y compositora del grupo <em>Intana<\/em>.<\/p>\n<!-- \/wp:paragraph -->\n\n<!-- wp:paragraph -->\n<p><br>A pesar de tener clara su vocaci\u00f3n de actriz, Anna era buena estudiante y, como toda familia cuando hay un miembro que quiere ser artista, le aconsejaron estudiar una carrera \u201cpor si\u201d. As\u00ed que se decidi\u00f3 por Comunicaci\u00f3n Audiovisual en la Universidad Pompeu Fabra, aunque nunca ha ejercido de periodista. En 2004 empez\u00f3 a trabajar para Dagoll Dagom en <em>Mar i Cel<\/em> (Premio Gran V\u00eda Mejor Actriz Revelaci\u00f3n 2006), compa\u00f1\u00eda con la que particip\u00f3 en la serie televisiva <em>La Sagrada Fam\u00edlia<\/em>, el musical <em>Aloma<\/em> y encarn\u00f3 a Caperucita Roja en <em>Boscos endins<\/em> (Premio Butaca como Mejor Actriz de Musical).<\/p>\n<!-- \/wp:paragraph -->\n\n<!-- wp:image {\"id\":400,\"sizeSlug\":\"large\",\"linkDestination\":\"none\"} -->\n<figure class=\"wp-block-image size-large\"><img loading=\"lazy\" decoding=\"async\" width=\"1024\" height=\"465\" src=\"https:\/\/www.enescena.net\/wp-content\/uploads\/2021\/01\/nofeubromes_cap_9-1024x465.jpg\" alt=\"\" class=\"wp-image-400\" srcset=\"https:\/\/www.enescena.net\/wp-content\/uploads\/2021\/01\/nofeubromes_cap_9-1024x465.jpg 1024w, https:\/\/www.enescena.net\/wp-content\/uploads\/2021\/01\/nofeubromes_cap_9-300x136.jpg 300w, https:\/\/www.enescena.net\/wp-content\/uploads\/2021\/01\/nofeubromes_cap_9-768x349.jpg 768w, https:\/\/www.enescena.net\/wp-content\/uploads\/2021\/01\/nofeubromes_cap_9.jpg 1301w\" sizes=\"auto, (max-width: 1024px) 100vw, 1024px\" \/><\/figure>\n<!-- \/wp:image -->\n\n<!-- wp:quote {\"className\":\"is-style-default\"} -->\n<blockquote class=\"wp-block-quote is-style-default\"><!-- wp:paragraph -->\n<p>Es dif\u00edcil que te den oportunidades para explorar otros registros, aunque t\u00fa sepas que puedes hacerlo.<\/p>\n<!-- \/wp:paragraph --><\/blockquote>\n<!-- \/wp:quote -->\n\n<!-- wp:paragraph -->\n<p>En 2009 entr\u00f3 en la compa\u00f1\u00eda T6 del Teatro Nacional de Catalunya, donde recibi\u00f3 una intensa formaci\u00f3n en teatro de texto, representando diez montajes en s\u00f3lo cuatro temporadas. Le siguieron montajes como <em>Liceistes i Cruzados<\/em>, <em>You say tomato<\/em>, <em>Inf\u00e0mia<\/em> (con la que gan\u00f3 el Premio de la Cr\u00edtica como mejor actriz de reparto) o <em>Els Jocs Florals de Canprosa<\/em> (tambi\u00e9n galardonada con el Premio de la Cr\u00edtica y Premio Butaca). Sus \u00faltimos papeles sobre las tablas han sido en Madrid, en <em>Mrs Dalloway<\/em> al lado de Carmen Portillo o como protagonista de <em>El vergonzoso en el Palacio<\/em>, de Tirso de Molina, bajo la direcci\u00f3n de Natalia Men\u00e9ndez.<\/p>\n<!-- \/wp:paragraph -->\n\n<!-- wp:paragraph -->\n<p><br>En la peque\u00f1a pantalla debut\u00f3 en el <em>Club Super 3<\/em> con apariciones puntuales como la cerdita Tru. A pesar de ser las tablas su templo de devoci\u00f3n, ante las c\u00e1maras tambi\u00e9n demuestra su gran talento en las series <em>D\u00edas de Navidad<\/em>, <em>Tiempos de Guerra<\/em>, <em>Las Chicas del Cable<\/em>, <em>La Catedral del Mar<\/em> o <em>Hache<\/em>.<\/p>\n<!-- \/wp:paragraph -->\n\n<!-- wp:paragraph -->\n<p><br>Si es cierto que Anna se dedica a la interpretaci\u00f3n, cabe destacar que la m\u00fasica es otra de las artes que dan sentido a su vida. Adem\u00e1s de su mencionada relaci\u00f3n con los musicales, su marido es cantante de m\u00fasica cl\u00e1sica. Y, por si fuera poco, hace diez a\u00f1os grab\u00f3 <em>Scents<\/em>, un disco de canciones en ingl\u00e9s, que ella compuso e interpreta.<br>Hoy la entrevistamos en <strong>enescena.net<\/strong> y disfrutamos de su sonrisa y simpat\u00eda, una dosis de alegr\u00eda muy gratificante en tiempos de pandemia.<\/p>\n<!-- \/wp:paragraph -->\n\n<!-- wp:paragraph -->\n<p><strong>Buenas tardes, Anna, encantada de reencontrarme contigo en persona despu\u00e9s de 11 a\u00f1os\u2026 \u00a1C\u00f3mo pasa el tiempo! A finales del 2009 encarnaste a Roberta en la obra hom\u00f3nima <em>Danny i Roberta<\/em> en el Versus Teatre. Para entonces, yo escrib\u00eda cr\u00edticas teatrales y, bueno, si me has concedido esta entrevista es porque no le\u00edste mi cr\u00edtica (risas).<\/strong><\/p>\n<!-- \/wp:paragraph -->\n\n<!-- wp:paragraph -->\n<p>Seguro que fue buena (risas). Me hace especial ilusi\u00f3n que empecemos la entrevista hablando de este trabajo. Signific\u00f3 mucho para m\u00ed. Adem\u00e1s la representamos en el Versus, que es una sala peque\u00f1a, y poca gente la vi\u00f3. Fue muy arriesgado para m\u00ed: era un papel que no ten\u00eda ni idea de c\u00f3mo hacer. Por eso me gusta que la recuerdes.<\/p>\n<!-- \/wp:paragraph -->\n\n<!-- wp:paragraph -->\n<p><strong>No te asustes\u2026 Literalmente escrib\u00ed: &#8220;resulta impactante ver como la inocencia de Anna Moliner se transforma en amargura desde la primera escena. Acostumbrados a sus papeles de ni\u00f1a traviesa (Tru en el <em>Club Super 3<\/em> o caperucita roja de <em>Into the woods<\/em>), Moliner adquiere una madurez esc\u00e9nica m\u00e1s que necesaria para introducirse en la piel de Roberta&#8221;. Y ten\u00eda raz\u00f3n: empezaba a madurar una actriz con mucha proyecci\u00f3n, \u00a1m\u00edrate ahora!<\/strong><\/p>\n<!-- \/wp:paragraph -->\n\n<!-- wp:paragraph -->\n<p>Me emocionan mucho tus palabras&#8230; \u00a1Te doy las gracias 11 a\u00f1os despu\u00e9s! Precisamente este personaje naci\u00f3 de la necesidad de explorar otros registros. Yo era muy joven y me hab\u00eda dado a conocer con papeles m\u00e1s c\u00f3micos o de musical. Ten\u00eda unas ganas enormes de trabajar en algo de m\u00e1s madurez.<\/p>\n<!-- \/wp:paragraph -->\n\n<!-- wp:paragraph -->\n<p><strong>\u00bfQu\u00e9 queda de aquella Anna? Porque, a\u00fan el paso del tiempo, yo veo esa inocencia en tu mirada.<\/strong><\/p>\n<!-- \/wp:paragraph -->\n\n<!-- wp:paragraph -->\n<p>Es mi esencia, en realidad. Para m\u00ed es importante tener un abanico de personajes como actriz. Aspiro que este trabajo pueda hacerlo toda la vida con todos los registros posibles. Que pueda ser todas las mujeres que est\u00e1n en m\u00ed. Explicar historias y llegar a la gente a trav\u00e9s de distintas caras. No quiero quedarme en un registro que ya s\u00e9 hacer: quiero tener retos y hacer cosas que desconozco. Lo bonito de un trabajo art\u00edstico es aprender cont\u00ednuamente e interpretar personajes que te supongan estar en zonas de desconfort, siempre sabiendo qui\u00e9n eres y qu\u00e9 puedes ofrecer. No descarto hacer papeles m\u00e1s inocentes y risue\u00f1os, pero conviviendo con mil formas y colores. Lo dif\u00edcil es que te den oportunidades para explorar otros registros, aunque t\u00fa sepas que puedes hacerlo.<\/p>\n<!-- \/wp:paragraph -->\n\n<!-- wp:paragraph -->\n<p><strong>Empezaste pisando las tablas, pero ahora te has centrado m\u00e1s en trabajar ante la c\u00e1mara. \u00bfPrefieres el teatro o la televisi\u00f3n?<\/strong><\/p>\n<!-- \/wp:paragraph -->\n\n<!-- wp:paragraph -->\n<p>Es la pregunta del mill\u00f3n. Y no la puedo responder, la verdad. S\u00ed que puedo decirte que para m\u00ed el teatro es como el templo, es el lugar donde he aprendido el oficio y no puedo imaginarme mi vida sin teatro. Pero como he tenido la suerte de pisar muchas tablas, hace a\u00f1os que ten\u00eda ganas de aprender y hacer otras cosas, como dec\u00edamos antes. Por eso, los \u00faltimos cinco a\u00f1os he trabajado m\u00e1s en el \u00e1mbito audiovisual y me encanta. Soy feliz con esta manera absolutamente diferente de trabajar y por eso mismo, quiero seguir explor\u00e1ndola. Pero no puedo elegir: \u00a1ojal\u00e1 pueda seguir haciendo las dos cosas durante muchos a\u00f1os!<\/p>\n<!-- \/wp:paragraph -->\n\n<!-- wp:gallery {\"linkTo\":\"none\"} -->\n<figure class=\"wp-block-gallery has-nested-images columns-default is-cropped\"><!-- wp:image {\"id\":397,\"sizeSlug\":\"large\",\"linkDestination\":\"none\"} -->\n<figure class=\"wp-block-image size-large\"><img loading=\"lazy\" decoding=\"async\" width=\"1024\" height=\"693\" src=\"https:\/\/www.enescena.net\/wp-content\/uploads\/2021\/01\/1500_1413193008_ROB6482-1024x693.jpg\" alt=\"\" class=\"wp-image-397\" srcset=\"https:\/\/www.enescena.net\/wp-content\/uploads\/2021\/01\/1500_1413193008_ROB6482-1024x693.jpg 1024w, https:\/\/www.enescena.net\/wp-content\/uploads\/2021\/01\/1500_1413193008_ROB6482-300x203.jpg 300w, https:\/\/www.enescena.net\/wp-content\/uploads\/2021\/01\/1500_1413193008_ROB6482-768x520.jpg 768w, https:\/\/www.enescena.net\/wp-content\/uploads\/2021\/01\/1500_1413193008_ROB6482.jpg 1500w\" sizes=\"auto, (max-width: 1024px) 100vw, 1024px\" \/><\/figure>\n<!-- \/wp:image -->\n\n<!-- wp:image {\"id\":398,\"sizeSlug\":\"large\",\"linkDestination\":\"none\"} -->\n<figure class=\"wp-block-image size-large\"><img loading=\"lazy\" decoding=\"async\" width=\"1024\" height=\"693\" src=\"https:\/\/www.enescena.net\/wp-content\/uploads\/2021\/01\/1500_1413193028_ROB7011-1024x693.jpg\" alt=\"\" class=\"wp-image-398\" srcset=\"https:\/\/www.enescena.net\/wp-content\/uploads\/2021\/01\/1500_1413193028_ROB7011-1024x693.jpg 1024w, https:\/\/www.enescena.net\/wp-content\/uploads\/2021\/01\/1500_1413193028_ROB7011-300x203.jpg 300w, https:\/\/www.enescena.net\/wp-content\/uploads\/2021\/01\/1500_1413193028_ROB7011-768x520.jpg 768w, https:\/\/www.enescena.net\/wp-content\/uploads\/2021\/01\/1500_1413193028_ROB7011.jpg 1500w\" sizes=\"auto, (max-width: 1024px) 100vw, 1024px\" \/><\/figure>\n<!-- \/wp:image --><\/figure>\n<!-- \/wp:gallery -->\n\n<!-- wp:quote {\"className\":\"is-style-default\"} -->\n<blockquote class=\"wp-block-quote is-style-default\"><!-- wp:paragraph -->\n<p>Estoy convencida de que con el tiempo esta situaci\u00f3n va a revertirse y el espectador va a tener m\u00e1s ganas que nunca de consumir cultura en directo.<\/p>\n<!-- \/wp:paragraph --><\/blockquote>\n<!-- \/wp:quote -->\n\n<!-- wp:paragraph -->\n<p><strong>Son tiempos dif\u00edciles para la cultura, pero te he \u201cle\u00eddo\u201d decir que \u201clas crisis son buenas para crecer y aprender\u201d. \u00bfVeremos crecer la cultura tras la pandemia? A priori, parece lo contrario, y m\u00e1s en concreto por lo que respecta a las artes esc\u00e9nicas.<\/strong><\/p>\n<!-- \/wp:paragraph -->\n\n<!-- wp:paragraph -->\n<p>Estoy muy preocupada, la verdad. Ha quedado todo &#8220;muy tocado&#8221;, los espect\u00e1culos en vivo sobretodo: 50% las salas, teatros cerrados por todo el mundo, en Catalunya colgamos de un hilo&#8230; Yo tuve la suerte de poder estrenar un cl\u00e1sico de Tirso de Molina, pero ha sido un sinvivir: cada d\u00eda ibas al teatro sin saber qu\u00e9 iba a pasar al d\u00eda siguiente. La ten\u00edamos que estrenar en mayo y finalmente la presentamos en octubre. Al final, ese sufrir vali\u00f3 la pena al ver que el p\u00fablico se re\u00eda a trav\u00e9s de la mascarilla. Estoy convencida de que con el tiempo esta situaci\u00f3n va a revertirse y el espectador va a tener m\u00e1s ganas que nunca de consumir cultura en directo. Va a ser como respirar otra vez. Necesitamos la cultura en nuestras vidas.<\/p>\n<!-- \/wp:paragraph -->\n\n<!-- wp:paragraph -->\n<p><strong>En tiempos de pandemia, el concepto \u201cscents\u201d, que da t\u00edtulo a tu disco, es muy significativo. Dir\u00eda a\u00fan m\u00e1s: curativo. Aquel olor pasado de los bonitos recuerdos, de otros tiempos. Alegr\u00eda, optimismo\u2026 est\u00e1 claro que necesitamos un segundo <em>Scents<\/em>. \u00bfCompusiste durante el confinamiento? \u00bfPodremos tener pronto un disco nuevo de Anna Moliner?<\/strong><\/p>\n<!-- \/wp:paragraph -->\n\n<!-- wp:paragraph -->\n<p>Me est\u00e1s diciendo cosas muy  bonitas, gracias por acordarte tambi\u00e9n de mi disco. Cada vez tengo m\u00e1s claro que va a haber <em>Scents 2<\/em>. Al principio, cuando lo saqu\u00e9, sent\u00eda la presi\u00f3n de lanzar otro y esa presi\u00f3n me agobi\u00f3, la verdad. Compuse canciones y me adentr\u00e9 en esta aventura porque amo la m\u00fasica y es una herramienta que tengo como actriz. Pero nunca pretend\u00ed ser cantante. Pas\u00e9 una temporada estra\u00f1a en la que yo misma me planteaba c\u00f3mo compaginarlo todo. Ahora estoy mucho m\u00e1s tranquila y pienso quiz\u00e1s en hacer un disco cada diez a\u00f1os, \u00bfqui\u00e9n sabe? Durante el confinamiento s\u00ed, empec\u00e9 a componer de nuevo. Para m\u00ed, ha sido clave descubrir c\u00f3mo coger el piano o la guitarra era fundamental y, de repente, dej\u00e9 de hacerlo. <\/p>\n<!-- \/wp:paragraph -->\n\n<!-- wp:paragraph -->\n<p><strong>\u00bfC\u00f3mo vivi\u00f3 Anna el encierro obligado? Tu madre es enfermera, \u00bfestaba en primera l\u00ednea?<\/strong><\/p>\n<!-- \/wp:paragraph -->\n\n<!-- wp:paragraph -->\n<p>No pod\u00eda porque se dedica a otra especialidad. Es enfermera de salud mental y tiene mucho trabajo. Pero lo pensamos y hablamos mucho sobre ello, vivi\u00e9ndolo con sus compa\u00f1eros. Por mi parte, recordar\u00e9 siempre que el 12 de marzo me acababa de instalar en Madrid para ensayar la obra de Tirso de Molina y, de un d\u00eda para otro, cierran todo. Ante esta incertidumbre y la cancelaci\u00f3n de la obra por parte del teatro, decid\u00ed volver a casa, en Barcelona. <\/p>\n<!-- \/wp:paragraph -->\n\n<!-- wp:gallery {\"linkTo\":\"none\"} -->\n<figure class=\"wp-block-gallery has-nested-images columns-default is-cropped\"><!-- wp:image {\"id\":401,\"sizeSlug\":\"large\",\"linkDestination\":\"none\"} -->\n<figure class=\"wp-block-image size-large\"><img loading=\"lazy\" decoding=\"async\" width=\"1024\" height=\"683\" src=\"https:\/\/www.enescena.net\/wp-content\/uploads\/2021\/01\/dsc_1991-23183-1024x683.jpg\" alt=\"\" class=\"wp-image-401\" srcset=\"https:\/\/www.enescena.net\/wp-content\/uploads\/2021\/01\/dsc_1991-23183-1024x683.jpg 1024w, https:\/\/www.enescena.net\/wp-content\/uploads\/2021\/01\/dsc_1991-23183-300x200.jpg 300w, https:\/\/www.enescena.net\/wp-content\/uploads\/2021\/01\/dsc_1991-23183-768x512.jpg 768w, https:\/\/www.enescena.net\/wp-content\/uploads\/2021\/01\/dsc_1991-23183-1536x1024.jpg 1536w, https:\/\/www.enescena.net\/wp-content\/uploads\/2021\/01\/dsc_1991-23183-2048x1365.jpg 2048w\" sizes=\"auto, (max-width: 1024px) 100vw, 1024px\" \/><\/figure>\n<!-- \/wp:image -->\n\n<!-- wp:image {\"id\":402,\"sizeSlug\":\"large\",\"linkDestination\":\"none\"} -->\n<figure class=\"wp-block-image size-large\"><img loading=\"lazy\" decoding=\"async\" width=\"1024\" height=\"683\" src=\"https:\/\/www.enescena.net\/wp-content\/uploads\/2021\/01\/dsc_2154-23190-1024x683.jpg\" alt=\"\" class=\"wp-image-402\" srcset=\"https:\/\/www.enescena.net\/wp-content\/uploads\/2021\/01\/dsc_2154-23190-1024x683.jpg 1024w, https:\/\/www.enescena.net\/wp-content\/uploads\/2021\/01\/dsc_2154-23190-300x200.jpg 300w, https:\/\/www.enescena.net\/wp-content\/uploads\/2021\/01\/dsc_2154-23190-768x512.jpg 768w, https:\/\/www.enescena.net\/wp-content\/uploads\/2021\/01\/dsc_2154-23190-1536x1024.jpg 1536w, https:\/\/www.enescena.net\/wp-content\/uploads\/2021\/01\/dsc_2154-23190-2048x1365.jpg 2048w\" sizes=\"auto, (max-width: 1024px) 100vw, 1024px\" \/><\/figure>\n<!-- \/wp:image --><\/figure>\n<!-- \/wp:gallery -->\n\n<!-- wp:quote {\"className\":\"is-style-default\"} -->\n<blockquote class=\"wp-block-quote is-style-default\"><!-- wp:paragraph -->\n<p>La interpretaci\u00f3n es una carrera de fondo y lo importante es que haya movimiento y que un trabajo te traiga otro que te lleve a aprender y crecer a cada paso.<\/p>\n<!-- \/wp:paragraph --><\/blockquote>\n<!-- \/wp:quote -->\n\n<!-- wp:paragraph -->\n<p><strong>\u00bfQu\u00e9 proyectos tienes entre manos en la actualidad?<\/strong><\/p>\n<!-- \/wp:paragraph -->\n\n<!-- wp:paragraph -->\n<p>Te voy a contar que, dentro de la crisis que hay, tengo trabajo de calidad y nuevos proyectos en el horizonte. Con esto ya me siento feliz y muy afortunada. Pero no te puedo concretar porque son cosas que est\u00e1n en el aire. Dentro de un tiempo, volvemos a hablar y te sigo contando, \u00bfte parece? No obstante, he pasado momentos dif\u00edciles este a\u00f1o, montajes que han ca\u00eddo a causa de la pandemia e incluso tuve que anular un rodaje para representar el cl\u00e1sico en Madrid porque se movi\u00f3 el calendario y coincid\u00eda todo. Con lo complicado que es nuestro trabajo, cuando sale algo tener que decir que no es realmente frustrante. S\u00f3lo te avanzar\u00e9 que estoy rodando una peque\u00f1a colaboraci\u00f3n en televisi\u00f3n y, para la temporada que viene, es posible que tenga un proyecto de teatro muy chulo. <\/p>\n<!-- \/wp:paragraph -->\n\n<!-- wp:paragraph -->\n<p><strong>S\u00e9 que el cine es tu cuenta pendiente, \u00bfpodr\u00eda ser un buen momento con el auge de las plataformas y el consumo en streaming?<\/strong><\/p>\n<!-- \/wp:paragraph -->\n\n<!-- wp:paragraph -->\n<p>Ojal\u00e1. Estamos en un momento privilegiado para este sector. Las plataformas est\u00e1n cambiando la manera de producir cine y televisi\u00f3n y de llegar al espectador. Me encantar\u00eda que me salieran oportunidades relacionadas con el cine. Tengo la idea rom\u00e1ntica de poder estrenar en pantalla grande&#8230; \u00a1ya vendr\u00e1! A veces veo pel\u00edculas protagonizadas por actores de edad avanzada y entonces pienso que todav\u00eda hay tiempo. Mi profesi\u00f3n es una carrera de fondo y lo importante es que haya movimiento y un trabajo te lleve a otro que te lleve a aprender y crecer a cada paso. <\/p>\n<!-- \/wp:paragraph -->\n\n<!-- wp:paragraph -->\n<p><strong>Para despedirnos, me gustar\u00eda que formularas tu deseo art\u00edsticamente hablando para el 2021.<\/strong><\/p>\n<!-- \/wp:paragraph -->\n\n<!-- wp:paragraph -->\n<p>Que valoremos m\u00e1s la cultura y pueda haber trabajo para todos. Y, aunque suene t\u00f3pico, la salud es lo m\u00e1s importante. Yo siempre lo he tenido muy presente, ya que trabajo con la voz y el cuerpo y eso implica tener una salud maravillosa, tanto f\u00edsica como mental. Los sue\u00f1os se pueden hacer realidad, siempre y cuando haya salud. Que la pandemia nos ense\u00f1e que la salud es primordial.<\/p>\n<!-- \/wp:paragraph -->","protected":false},"excerpt":{"rendered":"<p>&#8220;Los sue\u00f1os se pueden hacer realidad, siempre y cuando haya salud&#8221; TAMB\u00c9 POTS ESCOLTAR L&#8217;ENTREVISTA A R\u00c0DIO SILENCI (24\/12\/2022) Ser&#8230;<\/p>\n","protected":false},"author":1,"featured_media":389,"comment_status":"open","ping_status":"open","sticky":false,"template":"","format":"standard","meta":{"footnotes":""},"categories":[5,65,24],"tags":[69,66,67,70,71,68],"class_list":["post-385","post","type-post","status-publish","format-standard","has-post-thumbnail","hentry","category-entrevistes","category-musicales","category-portada","tag-dagoll-dagom","tag-danny-i-roberta","tag-scents","tag-t6","tag-teatre-nacional","tag-tiempos-de-guerra"],"_links":{"self":[{"href":"https:\/\/www.enescena.net\/wp-json\/wp\/v2\/posts\/385","targetHints":{"allow":["GET"]}}],"collection":[{"href":"https:\/\/www.enescena.net\/wp-json\/wp\/v2\/posts"}],"about":[{"href":"https:\/\/www.enescena.net\/wp-json\/wp\/v2\/types\/post"}],"author":[{"embeddable":true,"href":"https:\/\/www.enescena.net\/wp-json\/wp\/v2\/users\/1"}],"replies":[{"embeddable":true,"href":"https:\/\/www.enescena.net\/wp-json\/wp\/v2\/comments?post=385"}],"version-history":[{"count":7,"href":"https:\/\/www.enescena.net\/wp-json\/wp\/v2\/posts\/385\/revisions"}],"predecessor-version":[{"id":1196,"href":"https:\/\/www.enescena.net\/wp-json\/wp\/v2\/posts\/385\/revisions\/1196"}],"wp:featuredmedia":[{"embeddable":true,"href":"https:\/\/www.enescena.net\/wp-json\/wp\/v2\/media\/389"}],"wp:attachment":[{"href":"https:\/\/www.enescena.net\/wp-json\/wp\/v2\/media?parent=385"}],"wp:term":[{"taxonomy":"category","embeddable":true,"href":"https:\/\/www.enescena.net\/wp-json\/wp\/v2\/categories?post=385"},{"taxonomy":"post_tag","embeddable":true,"href":"https:\/\/www.enescena.net\/wp-json\/wp\/v2\/tags?post=385"}],"curies":[{"name":"wp","href":"https:\/\/api.w.org\/{rel}","templated":true}]}}