{"id":519,"date":"2021-02-11T07:56:56","date_gmt":"2021-02-11T07:56:56","guid":{"rendered":"https:\/\/www.enescena.net\/?p=519"},"modified":"2021-03-23T10:44:25","modified_gmt":"2021-03-23T10:44:25","slug":"sara-espigul","status":"publish","type":"post","link":"https:\/\/www.enescena.net\/2021\/02\/11\/sara-espigul\/","title":{"rendered":"Sara Esp\u00edgul"},"content":{"rendered":"<!-- wp:heading -->\n<h2>&#8220;El teatre \u00e9s vida: a casa no entenem la vida sense teatre&#8221;<\/h2>\n<!-- \/wp:heading -->\n\n<!-- wp:paragraph -->\n<p>S\u2019obre el tel\u00f3 i es veu una actriu que li han caigut tres projectes teatrals a causa de la pand\u00e8mia, per\u00f2 ara li toca de suplent a una mesa electoral\u2026 qui \u00e9s? Sembla un acudit, per\u00f2 no ho \u00e9s pas. Estem parlant de la Sara Esp\u00edgul, alter ego de la C\u00e8lia Noguera al culebrot de migdies <em>Com si fos ahir<\/em>. Aquest \u00e9s el seu \u00faltim paper, i molt contenta de tenir feina en aquests moments a un mitj\u00e0 audiovisual, per\u00f2 la Sara \u00e9s molt m\u00e9s. Per a mi \u00e9s, per sobre de tot, teatre. Fem un passeig per la seva traject\u00f2ria per con\u00e8ixer-la millor.<\/p>\n<!-- \/wp:paragraph -->\n\n<!-- wp:paragraph -->\n<p>La Sara Esp\u00edgul va n\u00e8ixer a Matar\u00f3 i es defineix com un pur nervi, amb moltes inseguretats, carinyosa, familiar i amb ambici\u00f3 per aconseguir all\u00f2 que vol. Si la vei\u00e8ssim en el moment d\u2019un c\u00e0sting, creur\u00edem trobar-nos davant d\u2019una persona plena de fortalesa i car\u00e0cter i, en canvi, dins el seu interior, est\u00e0 desitjant brollar la seva timidesa i humilitat. Aix\u00f2 no vol dir que no tingui cops de geni, doncs ella mateixa diu que \u00e9s una bomba! Per acabar de definir-la, jo afegiria que \u00e9s una dona vehement, valenta i sense p\u00e8ls a la llengua, com va demostrar en el manifest que va llegir juntament amb el seu company, en Marc Mart\u00ednez, en l\u2019acte manifestatiu del mar\u00e7 del 2018 contra els atacs del govern espanyol i en defensa de l\u2019escola catalana i la immersi\u00f3 ling\u00fc\u00edstica. (He dit company, com ella t\u00edmidament l\u2019anomena, per\u00f2 en Marc Mart\u00ednez \u00e9s la seva parella sentimental i pare dels seus dos fills, no penseu que \u00e9s nom\u00e9s company de professi\u00f3!).<\/p>\n<!-- \/wp:paragraph -->\n\n<!-- wp:paragraph -->\n<p>La Sara va saber de ben petita que volia dedicar-se al teatre. Amb set anyets, els pares la van portar a veure <em>Germans de sang<\/em> i, en sortir, li va dir a la mare: \u201cmama, jo vull fer aix\u00f2!\u201d. El seu primer espectacle va ser <em>Els pastorets<\/em> a Sala Cabanyes de Matar\u00f3, on tamb\u00e9 es va apuntar a altres cursos per a nens petits. Tot i aix\u00ed, es va graduar en magisteri en llengua estrangera amb el pensament que \u201csi mai ho necessito, tindr\u00e9 una altra sortida\u201d. Per\u00f2 la seva passi\u00f3 pel teatre la va dur a l\u2019Escola E\u00f2lia, on va estudiar la carrera d\u2019Interpretaci\u00f3. Com a complement a la seva formaci\u00f3 com a actriu, la Sara ha rebut classes d\u2019interpretaci\u00f3 amb grans de la nostra escena com en Julio Manrique, la Clara Segura, l\u2019Oriol Broggi, en Marc Mart\u00ednez i els internacionals Boris Rottestein o Neil Labute. Tamb\u00e9 s\u2019ha format en cant amb en Daniel Angl\u00e8s, dansa contempor\u00e0nia, teatre musical, clown i t\u00e8cnica Meisner amb l\u2019Scott Williams.<\/p>\n<!-- \/wp:paragraph -->\n\n<!-- wp:paragraph -->\n<p>A la petita pantalla l\u2019hem pogut veure a <em>Salvados, malas compa\u00f1\u00edas<\/em>, d\u2019en Jordi \u00c9vole; la s\u00e8rie de Movistar Plus <em>Matar al padre<\/em>; a les teleseries de TV3 <em>El cor de la Ciutat<\/em>, <em>Gran Nord<\/em>, <em>Kubala, Moreno i Manch\u00f3n<\/em> o a l\u2019actual <em>Com si fos ahir<\/em>. Al thriller <em>Nit i dia<\/em> va tenir un petit paper, per\u00f2 mai va poder llegir el gui\u00f3 sencer i, tot i la incertesa del projecte, va ser una gran sorpresa quan va descobrir com a espectadora aquella s\u00e8rie tan brillant. Dir-vos que un dels regals que m\u00e9s recorda del seu 30\u00e8 aniversari \u00e9s ser escollida per fer de dona d\u2019en Joel Joan a <em>El Crac<\/em>, s\u00e8rie en la que va participar les dues temporades.<\/p>\n<!-- \/wp:paragraph -->\n\n<!-- wp:paragraph -->\n<p>Al cinema ha participat als films <em>Clara Campoamor, la mujer olvidada<\/em>; <em>The Cementery<\/em>; <em>Dona d\u2019aigua<\/em> i <em>Barcelona, nit d\u2019estiu<\/em>. A aquesta \u00faltima es va retrobar amb en Joan Daus\u00e0, amb qui va protagonitzar el videoclip de la can\u00e7\u00f3 <em>Truca\u2019m<\/em>.<\/p>\n<!-- \/wp:paragraph -->\n\n<!-- wp:quote {\"className\":\"is-style-default\"} -->\n<blockquote class=\"wp-block-quote is-style-default\"><p>Hi ha sectors que es podrien incorporar a la nova realitat. En el cas del teatre, o es fa ja o la cosa perilla.<\/p><\/blockquote>\n<!-- \/wp:quote -->\n\n<!-- wp:image {\"id\":531,\"sizeSlug\":\"large\",\"linkDestination\":\"none\"} -->\n<figure class=\"wp-block-image size-large\"><img loading=\"lazy\" decoding=\"async\" width=\"1024\" height=\"576\" src=\"https:\/\/www.enescena.net\/wp-content\/uploads\/2021\/02\/eb9dadee-b223-4a4b-8114-7e0da3b89ec5_16-9-aspect-ratio_1600w_0-1024x576.jpg\" alt=\"\" class=\"wp-image-531\" srcset=\"https:\/\/www.enescena.net\/wp-content\/uploads\/2021\/02\/eb9dadee-b223-4a4b-8114-7e0da3b89ec5_16-9-aspect-ratio_1600w_0-1024x576.jpg 1024w, https:\/\/www.enescena.net\/wp-content\/uploads\/2021\/02\/eb9dadee-b223-4a4b-8114-7e0da3b89ec5_16-9-aspect-ratio_1600w_0-300x169.jpg 300w, https:\/\/www.enescena.net\/wp-content\/uploads\/2021\/02\/eb9dadee-b223-4a4b-8114-7e0da3b89ec5_16-9-aspect-ratio_1600w_0-768x432.jpg 768w, https:\/\/www.enescena.net\/wp-content\/uploads\/2021\/02\/eb9dadee-b223-4a4b-8114-7e0da3b89ec5_16-9-aspect-ratio_1600w_0-1536x864.jpg 1536w, https:\/\/www.enescena.net\/wp-content\/uploads\/2021\/02\/eb9dadee-b223-4a4b-8114-7e0da3b89ec5_16-9-aspect-ratio_1600w_0-800x450.jpg 800w, https:\/\/www.enescena.net\/wp-content\/uploads\/2021\/02\/eb9dadee-b223-4a4b-8114-7e0da3b89ec5_16-9-aspect-ratio_1600w_0.jpg 1600w\" sizes=\"auto, (max-width: 1024px) 100vw, 1024px\" \/><figcaption>Pretty (Villarroel Teatre)<\/figcaption><\/figure>\n<!-- \/wp:image -->\n\n<!-- wp:paragraph -->\n<p>No obstant, \u00e9s el teatre el seu h\u00e0bitat natural, amb una llarga llista de les obres on ha participat, per mencionar-ne algunes: la m\u00edtica <em>La Filla del Mar<\/em> d\u2019\u00c0ngel Guimer\u00e0, la versi\u00f3 del Llu\u00eds Juanet al Teatre Poliorama; o <em>Les nenes no haurien de jugar a futbol<\/em>, una de les seves primeres obres de caire m\u00e9s professional, dirigida per la Marta Buchaca. En aquesta \u00faltima, va con\u00e8ixer a un dels seus m\u00e9s amics, en Borja Espinosa, que s\u2019ha convertit en un \u201cgerm\u00e0 de professi\u00f3\u201d i amb qui despr\u00e9s ha treballat a diferents produccions com <em>El camino m\u00e1s largo para volver a casa<\/em>, <em>El crac 2<\/em> o <em>Litus<\/em>, entre d\u2019altres.<\/p>\n<!-- \/wp:paragraph -->\n\n<!-- wp:paragraph -->\n<p>El seu primer paper protagonista va ser l\u2019any 2011 a <em>Una vella, coneguda olor<\/em> d\u2019en Sergi Belbel, al Teatre Nacional de Catalunya. Aquesta obra va ser un punt d\u2019inflexi\u00f3 a la seva carrera, ja que mai havia participat en un muntatge tan gran i tan ben acompanyada per una generaci\u00f3 de veterans com la Merc\u00e8 Ar\u00e1nega, en Jordi Banacolocha i la Maife Gil, i de gent jove, col\u00b7legues de professi\u00f3, com en Pau Roca, el Pep Ambr\u00f2s i la Gemma Mart\u00ednez. En el seu pas pel Nacional, en destaquem <em>Rei i senyor<\/em>, dirigida pel Toni Casares; i <em>Temps Salvatge<\/em>, del Xavier Albert\u00ed. Tamb\u00e9 ha participat a <em>Animals de Companyia<\/em> al Teatre Capitol; <em>Pretty<\/em> a la Sala Villarroel; <em>Iv\u00e0nov<\/em>, de l\u2019\u00c0lex Rigola al Lliure; i <em>Ovelles<\/em>, de la Carme Marf\u00e0 i en Yago Alonso a la Sala Flyhard.<\/p>\n<!-- \/wp:paragraph -->\n\n<!-- wp:paragraph -->\n<p>Per a la Sara, la cultura \u00e9s un sector que genera riquesa en l\u2019\u00e0nima: \u201cengrassa les emocions, ens fa m\u00e9s forts i ens ajuda a enfrontar-nos a la duresa de la vida\u201d. El teatre, en concret, t\u00e9 una m\u00e0gia \u00fanica, ja que li permet sortir d\u2019ella mateixa per ser una altra persona, amb qui cada dia pot explicar la mateixa hist\u00f2ria, per\u00f2 comunicant-se amb un p\u00fablic diferent. Tot i no canviar la seva professi\u00f3 per res del m\u00f3n, reconeix que se sent angoixada de no tenir una estabilitat laboral, ja que l\u2019ofici de l\u2019int\u00e8rpret inclou aquesta incertesa intr\u00ednseca. Amb el pas del temps, ha aconseguit treballar la seva paci\u00e8ncia i cada cop m\u00e9s se sent m\u00e9s tranquila i esperan\u00e7ada en el futur que t\u00e9 per endavant. Almenys al m\u00f3n audiovisual, perqu\u00e8 al teatre, ara per ara, li costa veure la llum al final del t\u00fanel. Per\u00f2 n\u2019hi ha, i estem frisosos per tornar a veure-la trepitjant un escenari, tan de bo sigui abans d\u2019arribar a la propera Temporada Alta.<\/p>\n<!-- \/wp:paragraph -->\n\n<!-- wp:embed {\"url\":\"https:\/\/www.youtube.com\/watch?v=8I2noyHKEZw\\u0026t=211s\",\"type\":\"video\",\"providerNameSlug\":\"youtube\",\"responsive\":true,\"className\":\"wp-embed-aspect-16-9 wp-has-aspect-ratio\"} -->\n<figure class=\"wp-block-embed is-type-video is-provider-youtube wp-block-embed-youtube wp-embed-aspect-16-9 wp-has-aspect-ratio\"><div class=\"wp-block-embed__wrapper\">\nhttps:\/\/www.youtube.com\/watch?v=8I2noyHKEZw&amp;t=211s\n<\/div><figcaption>Entrevista secera amb la Sara Esp\u00edgol<\/figcaption><\/figure>\n<!-- \/wp:embed -->\n\n<!-- wp:paragraph -->\n<p><strong>Bon dia Sara, a la fam\u00edlia sou tres actors (en Marc, el Le\u00f3n i tu). La primera pregunta \u00e9s una mica obligada: com ho porteu? La vida dels actors \u00e9s bastant incerta, si a m\u00e9s hi sumem la pand\u00e8mia\u2026 He llegit alguna cosa sobre en Marc i, tot i mostrar-se optimista, diu que es troba sobre a la corda fluixa.<\/strong><\/p>\n<!-- \/wp:paragraph -->\n\n<!-- wp:paragraph -->\n<p>Nosaltres sempre estem sobre aquesta tesitura. Per\u00f2 no ens podem queixar: crec que som uns afortunats per estar treballant en el moment actual, en plena pand\u00e8mia. Que treballi en Le\u00f3n \u00e9s un extra per la fam\u00edlia, \u00e9s meravell\u00f3s que amb 16 anys tingui feina, per\u00f2 als qui no ens n&#8217;ha de faltar \u00e9s als pares! Nosaltres ho portem b\u00e9, intentem no parlar gaire de feina a casa, perqu\u00e8 sin\u00f3 \u00e9s molt pesat.<\/p>\n<!-- \/wp:paragraph -->\n\n<!-- wp:paragraph -->\n<p><strong>Hi haur\u00e0 segur un canvi en el paradigma de molts sectors, en el de la cultura sens dubte. Confio en que gr\u00e0cies a la pand\u00e8mia tindrem l\u2019oportunitat de canviar les coses, com ho veus tu des de l\u2019altra banda de la butaca? Quines lli\u00e7ons creus que podem extreure a nivell social, art\u00edstic i econ\u00f2mic?<\/strong><\/p>\n<!-- \/wp:paragraph -->\n\n<!-- wp:paragraph -->\n<p>Quina pregunteta, eh! (riu) El nostre sector, com molts altres, ha quedat absolutament tocat i agonitzant. Molts de nosaltres ens sentim optimistes, per\u00f2 costa veure la llum al final del t\u00fanel. La cultura est\u00e0 molt deixada de la m\u00e0 de D\u00e9u. Tot i que s&#8217;ha demostrat que la cultura \u00e9s segura, ens tenen al final de la cua. El primer \u00e9s la sanitat, estic totalment d&#8217;acord, per\u00f2 hi ha sectors que es podrien incorporar a aquesta nova realitat. O es fa ja, o la cosa perilla. La gent de teatre perilla molt: els qui treballem a audiovisuals encara anem fent. Per tant, segur que podrem aprendre d&#8217;aquesta situaci\u00f3, per\u00f2 ara estem amb l&#8217;aigua al coll. A nivell social, hi ha un abans i un despr\u00e9s en la manera de relacionar-nos. Recordo com \u00e8rem i em preocupa pensar que res no tornar\u00e0 a ser com abans. Jo, que s\u00f3c tan carinyosa, he hagut d&#8217;aprendre a relacionar-me diferent. T&#8217;he de dir que ho porto bastant malament. Espero que trobin la vacuna, tots ens immunitzem i ens puguem tornar a abra\u00e7ar i &#8220;apilonar&#8221; de manera natural.<\/p>\n<!-- \/wp:paragraph -->\n\n<!-- wp:paragraph -->\n<p><strong>I pol\u00edtic? \u00c9s m\u00e9s necessari anar a un m\u00edting que al teatre?<\/strong><\/p>\n<!-- \/wp:paragraph -->\n\n<!-- wp:paragraph -->\n<p>Aix\u00f2 \u00e9s una burrada! Preferiria no parlar-ne massa&#8230; \u00c9s el mateix que es puguin fer actes a les esgl\u00e9sies i als teatres, no. Tot s&#8217;est\u00e0 duent a un lloc absurd i surrealista. O els pol\u00edtics es posen les piles o estem perdent a molta gent pel cam\u00ed. No vull aprofunditzar gaire m\u00e9s (riu). De moment m&#8217;ha tocat a una mesa electoral com a suplent! \u00c9s un risc anar-hi treballant a la tele i amb dos fills a casa&#8230; I s\u00ed que podem canviar de municipi per anar a un m\u00edting? Jo porto mesos sense consumir cultura, i ara s\u00ed que podem moure&#8217;ns? No! Ens neguem a moure&#8217;ns perqu\u00e8 no t\u00e9 ni cap ni peus tot plegat.<\/p>\n<!-- \/wp:paragraph -->\n\n<!-- wp:quote {\"className\":\"is-style-default\"} -->\n<blockquote class=\"wp-block-quote is-style-default\"><p>No s\u00e9 qu\u00e8 estem fent sense teatre: s&#8217;ha demostrat que \u00e9s absolutament segur.<\/p><\/blockquote>\n<!-- \/wp:quote -->\n\n<!-- wp:group -->\n<div class=\"wp-block-group\"><div class=\"wp-block-group__inner-container\"><!-- wp:gallery {\"ids\":[522,524,523],\"linkTo\":\"none\"} -->\n<figure class=\"wp-block-gallery columns-3 is-cropped\"><ul class=\"blocks-gallery-grid\"><li class=\"blocks-gallery-item\"><figure><img loading=\"lazy\" decoding=\"async\" width=\"681\" height=\"1024\" src=\"https:\/\/www.enescena.net\/wp-content\/uploads\/2021\/02\/Foto_Una_vella_coneguda_olor_4_S.EspA_gul_M.ArA_negaA_David_Ruano_TNC-681x1024.jpg\" alt=\"\" data-id=\"522\" data-full-url=\"https:\/\/www.enescena.net\/wp-content\/uploads\/2021\/02\/Foto_Una_vella_coneguda_olor_4_S.EspA_gul_M.ArA_negaA_David_Ruano_TNC-scaled.jpg\" data-link=\"https:\/\/www.enescena.net\/?attachment_id=522\" class=\"wp-image-522\" srcset=\"https:\/\/www.enescena.net\/wp-content\/uploads\/2021\/02\/Foto_Una_vella_coneguda_olor_4_S.EspA_gul_M.ArA_negaA_David_Ruano_TNC-681x1024.jpg 681w, https:\/\/www.enescena.net\/wp-content\/uploads\/2021\/02\/Foto_Una_vella_coneguda_olor_4_S.EspA_gul_M.ArA_negaA_David_Ruano_TNC-200x300.jpg 200w, https:\/\/www.enescena.net\/wp-content\/uploads\/2021\/02\/Foto_Una_vella_coneguda_olor_4_S.EspA_gul_M.ArA_negaA_David_Ruano_TNC-768x1154.jpg 768w, https:\/\/www.enescena.net\/wp-content\/uploads\/2021\/02\/Foto_Una_vella_coneguda_olor_4_S.EspA_gul_M.ArA_negaA_David_Ruano_TNC-1022x1536.jpg 1022w, https:\/\/www.enescena.net\/wp-content\/uploads\/2021\/02\/Foto_Una_vella_coneguda_olor_4_S.EspA_gul_M.ArA_negaA_David_Ruano_TNC-1362x2048.jpg 1362w, https:\/\/www.enescena.net\/wp-content\/uploads\/2021\/02\/Foto_Una_vella_coneguda_olor_4_S.EspA_gul_M.ArA_negaA_David_Ruano_TNC-scaled.jpg 1703w\" sizes=\"auto, (max-width: 681px) 100vw, 681px\" \/><\/figure><\/li><li class=\"blocks-gallery-item\"><figure><img loading=\"lazy\" decoding=\"async\" width=\"681\" height=\"1024\" src=\"https:\/\/www.enescena.net\/wp-content\/uploads\/2021\/02\/Foto_Una_vella_coneguda_olor_12_S.EspA_gulA_David_Ruano_TNC-681x1024.jpg\" alt=\"\" data-id=\"524\" data-full-url=\"https:\/\/www.enescena.net\/wp-content\/uploads\/2021\/02\/Foto_Una_vella_coneguda_olor_12_S.EspA_gulA_David_Ruano_TNC-scaled.jpg\" data-link=\"https:\/\/www.enescena.net\/?attachment_id=524\" class=\"wp-image-524\" srcset=\"https:\/\/www.enescena.net\/wp-content\/uploads\/2021\/02\/Foto_Una_vella_coneguda_olor_12_S.EspA_gulA_David_Ruano_TNC-681x1024.jpg 681w, https:\/\/www.enescena.net\/wp-content\/uploads\/2021\/02\/Foto_Una_vella_coneguda_olor_12_S.EspA_gulA_David_Ruano_TNC-200x300.jpg 200w, https:\/\/www.enescena.net\/wp-content\/uploads\/2021\/02\/Foto_Una_vella_coneguda_olor_12_S.EspA_gulA_David_Ruano_TNC-768x1154.jpg 768w, https:\/\/www.enescena.net\/wp-content\/uploads\/2021\/02\/Foto_Una_vella_coneguda_olor_12_S.EspA_gulA_David_Ruano_TNC-1022x1536.jpg 1022w, https:\/\/www.enescena.net\/wp-content\/uploads\/2021\/02\/Foto_Una_vella_coneguda_olor_12_S.EspA_gulA_David_Ruano_TNC-1363x2048.jpg 1363w, https:\/\/www.enescena.net\/wp-content\/uploads\/2021\/02\/Foto_Una_vella_coneguda_olor_12_S.EspA_gulA_David_Ruano_TNC-scaled.jpg 1703w\" sizes=\"auto, (max-width: 681px) 100vw, 681px\" \/><\/figure><\/li><li class=\"blocks-gallery-item\"><figure><img loading=\"lazy\" decoding=\"async\" width=\"681\" height=\"1024\" src=\"https:\/\/www.enescena.net\/wp-content\/uploads\/2021\/02\/Foto_Una_vella_coneguda_olor_5_S.EspA_gulA_David_Ruano_TNC-681x1024.jpg\" alt=\"\" data-id=\"523\" data-full-url=\"https:\/\/www.enescena.net\/wp-content\/uploads\/2021\/02\/Foto_Una_vella_coneguda_olor_5_S.EspA_gulA_David_Ruano_TNC-scaled.jpg\" data-link=\"https:\/\/www.enescena.net\/?attachment_id=523\" class=\"wp-image-523\" srcset=\"https:\/\/www.enescena.net\/wp-content\/uploads\/2021\/02\/Foto_Una_vella_coneguda_olor_5_S.EspA_gulA_David_Ruano_TNC-681x1024.jpg 681w, https:\/\/www.enescena.net\/wp-content\/uploads\/2021\/02\/Foto_Una_vella_coneguda_olor_5_S.EspA_gulA_David_Ruano_TNC-200x300.jpg 200w, https:\/\/www.enescena.net\/wp-content\/uploads\/2021\/02\/Foto_Una_vella_coneguda_olor_5_S.EspA_gulA_David_Ruano_TNC-768x1154.jpg 768w, https:\/\/www.enescena.net\/wp-content\/uploads\/2021\/02\/Foto_Una_vella_coneguda_olor_5_S.EspA_gulA_David_Ruano_TNC-1022x1536.jpg 1022w, https:\/\/www.enescena.net\/wp-content\/uploads\/2021\/02\/Foto_Una_vella_coneguda_olor_5_S.EspA_gulA_David_Ruano_TNC-1363x2048.jpg 1363w, https:\/\/www.enescena.net\/wp-content\/uploads\/2021\/02\/Foto_Una_vella_coneguda_olor_5_S.EspA_gulA_David_Ruano_TNC-scaled.jpg 1703w\" sizes=\"auto, (max-width: 681px) 100vw, 681px\" \/><\/figure><\/li><\/ul><figcaption class=\"blocks-gallery-caption\">Una vella, coneguda olor (TNC) &#8211; Copyright: David Ruano.<\/figcaption><\/figure>\n<!-- \/wp:gallery --><\/div><\/div>\n<!-- \/wp:group -->\n\n<!-- wp:paragraph -->\n<p><strong>De les p\u00edndoles des de casa que es van oferir durant el confinament, una de les que vaig tenir ocasi\u00f3 de veure i m\u00e9s em va agradar va ser la de <em>Teletreball<\/em>, que vau fer amb el David Bag\u00e9s, produ\u00efda pel Terrat. Qu\u00e8 tenia la Sandra de la Sara de veritat? Aquell estr\u00e9s a casa amb els petits?<\/strong><\/p>\n<!-- \/wp:paragraph -->\n\n<!-- wp:paragraph -->\n<p>Tenia moltes coses en com\u00fa. Teletreballar amb dos nens per aqu\u00ed cridant era pr\u00e0cticament impossible, aix\u00ed que s\u00ed era molt real. El personatge era exagerat i lluny de mi per la seva professi\u00f3, per\u00f2 la moguda que hi ha a casa meva quan hi som tots, fa aquell mateix soroll que al cap\u00edtol. Intentem fer servir l&#8217;humor tota l&#8217;estona per viure millor.<\/p>\n<!-- \/wp:paragraph -->\n\n<!-- wp:paragraph -->\n<p><strong>T\u2019he llegit dir qu\u00e8 n\u2019\u00e9s de dif\u00edcil no poder dir \u201cbona nit\u201d als petits quan est\u00e0s fent temporada al teatre, la part positiva d\u2019aquest temps a casa \u00e9s que us haur\u00e0 proporcionat molts moments en fam\u00edlia.<\/strong><\/p>\n<!-- \/wp:paragraph -->\n\n<!-- wp:paragraph -->\n<p>Nosaltres hem viscut molt b\u00e9 el confinament. Just feia mig any que hav\u00edem anat a viure fora de Barcelona. Ara estem vivint a Argentona, a una casa que t\u00e9 sortida, per tant, el confinament ha estat relatiu. El fet de poder sortir a l&#8217;aire lliure, prendre el sol i llegir un llibre a l&#8217;exterior, no t\u00e9 res a veure a quan est\u00e0vem a la ciutat. Per a mi \u00e9s un regal estar amb els meus fills. Durant els primers anys de vida dels nens et necessiten molt. M&#8217;han caigut tres projectes de teatre, per\u00f2 em compensa estar amb els fills cada nit i posar-los a dormir. Tamb\u00e9 t&#8217;haig de dir que vaig esgotada i no dormo!  <\/p>\n<!-- \/wp:paragraph -->\n\n<!-- wp:paragraph -->\n<p><strong>Qu\u00e8 m\u00e9s vau fer durant el confinament?<\/strong><\/p>\n<!-- \/wp:paragraph -->\n\n<!-- wp:paragraph -->\n<p>Molts c\u00e0stings! Crec que s&#8217;instauraran els c\u00e0stings online i aix\u00f2 t\u00e9 una part  positiva: els actors no haurem d&#8217;anar a Madrid a fer c\u00e0stings perqu\u00e8 les primeres fornades s&#8217;envien per mail. He tingut la possibilitat d&#8217;accedir-ne a molts durant el confinament (no n&#8217;havia fet mai tants!). Al comen\u00e7ament et tornes una mica neur\u00f2tic, et graves trenta vegades i mai t&#8217;agrades, per\u00f2 vas professionalitzant-te. Me n&#8217;ha sortit una i no l&#8217;he poguda fer per incompatibilitat amb la s\u00e8rie de migdia <em>Com si fos ahir<\/em>. \u00c9s una mica ca\u00f2tic perqu\u00e8 amb la COVID hi ha gent de fora que ha de venir a rodar i no pot, aleshores et truquen amb una setmana d&#8217;antel\u00b7laci\u00f3 i costa compaginar-ho tot. Aix\u00f2 s\u00ed: m\u00e9s val dir que no perqu\u00e8 est\u00e0s treballant que no tenir feina. <\/p>\n<!-- \/wp:paragraph -->\n\n<!-- wp:quote {\"className\":\"is-style-default\"} -->\n<blockquote class=\"wp-block-quote is-style-default\"><p>Intento fer servir l&#8217;humor tota l&#8217;estona per viure millor.<\/p><\/blockquote>\n<!-- \/wp:quote -->\n\n<!-- wp:group -->\n<div class=\"wp-block-group\"><div class=\"wp-block-group__inner-container\"><!-- wp:gallery {\"ids\":[528,529,530],\"linkTo\":\"none\"} -->\n<figure class=\"wp-block-gallery columns-3 is-cropped\"><ul class=\"blocks-gallery-grid\"><li class=\"blocks-gallery-item\"><figure><img loading=\"lazy\" decoding=\"async\" width=\"682\" height=\"1024\" src=\"https:\/\/www.enescena.net\/wp-content\/uploads\/2021\/02\/SARA-ESPI\u0301GUL-3-scaled-2-682x1024.jpg\" alt=\"\" data-id=\"528\" data-full-url=\"https:\/\/www.enescena.net\/wp-content\/uploads\/2021\/02\/SARA-ESPI\u0301GUL-3-scaled-2.jpg\" data-link=\"https:\/\/www.enescena.net\/?attachment_id=528\" class=\"wp-image-528\" srcset=\"https:\/\/www.enescena.net\/wp-content\/uploads\/2021\/02\/SARA-ESPI\u0301GUL-3-scaled-2-682x1024.jpg 682w, https:\/\/www.enescena.net\/wp-content\/uploads\/2021\/02\/SARA-ESPI\u0301GUL-3-scaled-2-200x300.jpg 200w, https:\/\/www.enescena.net\/wp-content\/uploads\/2021\/02\/SARA-ESPI\u0301GUL-3-scaled-2-768x1154.jpg 768w, https:\/\/www.enescena.net\/wp-content\/uploads\/2021\/02\/SARA-ESPI\u0301GUL-3-scaled-2-1022x1536.jpg 1022w, https:\/\/www.enescena.net\/wp-content\/uploads\/2021\/02\/SARA-ESPI\u0301GUL-3-scaled-2-1363x2048.jpg 1363w, https:\/\/www.enescena.net\/wp-content\/uploads\/2021\/02\/SARA-ESPI\u0301GUL-3-scaled-2.jpg 1704w\" sizes=\"auto, (max-width: 682px) 100vw, 682px\" \/><\/figure><\/li><li class=\"blocks-gallery-item\"><figure><img loading=\"lazy\" decoding=\"async\" width=\"682\" height=\"1024\" src=\"https:\/\/www.enescena.net\/wp-content\/uploads\/2021\/02\/SARA-ESPI\u0301GUL-4-scaled-2-682x1024.jpg\" alt=\"\" data-id=\"529\" data-full-url=\"https:\/\/www.enescena.net\/wp-content\/uploads\/2021\/02\/SARA-ESPI\u0301GUL-4-scaled-2.jpg\" data-link=\"https:\/\/www.enescena.net\/?attachment_id=529\" class=\"wp-image-529\" srcset=\"https:\/\/www.enescena.net\/wp-content\/uploads\/2021\/02\/SARA-ESPI\u0301GUL-4-scaled-2-682x1024.jpg 682w, https:\/\/www.enescena.net\/wp-content\/uploads\/2021\/02\/SARA-ESPI\u0301GUL-4-scaled-2-200x300.jpg 200w, https:\/\/www.enescena.net\/wp-content\/uploads\/2021\/02\/SARA-ESPI\u0301GUL-4-scaled-2-768x1154.jpg 768w, https:\/\/www.enescena.net\/wp-content\/uploads\/2021\/02\/SARA-ESPI\u0301GUL-4-scaled-2-1022x1536.jpg 1022w, https:\/\/www.enescena.net\/wp-content\/uploads\/2021\/02\/SARA-ESPI\u0301GUL-4-scaled-2-1363x2048.jpg 1363w, https:\/\/www.enescena.net\/wp-content\/uploads\/2021\/02\/SARA-ESPI\u0301GUL-4-scaled-2.jpg 1704w\" sizes=\"auto, (max-width: 682px) 100vw, 682px\" \/><\/figure><\/li><li class=\"blocks-gallery-item\"><figure><img loading=\"lazy\" decoding=\"async\" width=\"832\" height=\"1024\" src=\"https:\/\/www.enescena.net\/wp-content\/uploads\/2021\/02\/SARA-ESPI\u0301GUL-destacada-co\u0300pia-1.jpg\" alt=\"\" data-id=\"530\" data-full-url=\"https:\/\/www.enescena.net\/wp-content\/uploads\/2021\/02\/SARA-ESPI\u0301GUL-destacada-co\u0300pia-1.jpg\" data-link=\"https:\/\/www.enescena.net\/?attachment_id=530\" class=\"wp-image-530\" srcset=\"https:\/\/www.enescena.net\/wp-content\/uploads\/2021\/02\/SARA-ESPI\u0301GUL-destacada-co\u0300pia-1.jpg 832w, https:\/\/www.enescena.net\/wp-content\/uploads\/2021\/02\/SARA-ESPI\u0301GUL-destacada-co\u0300pia-1-244x300.jpg 244w, https:\/\/www.enescena.net\/wp-content\/uploads\/2021\/02\/SARA-ESPI\u0301GUL-destacada-co\u0300pia-1-768x945.jpg 768w\" sizes=\"auto, (max-width: 832px) 100vw, 832px\" \/><\/figure><\/li><\/ul><\/figure>\n<!-- \/wp:gallery --><\/div><\/div>\n<!-- \/wp:group -->\n\n<!-- wp:paragraph -->\n<p><strong>No fa gaire t\u2019has incoporat a la s\u00e8rie de TV3 <em>Com si fos ahir<\/em>, sembla que les teles\u00e8ries i les plataformes digitals es poden convertir en el futur dels actors i actrius. I m\u00e9s si es produeixen a Madrid\u2026 Et veus fent la maleta i tots cap a la capital?<\/strong><\/p>\n<!-- \/wp:paragraph -->\n\n<!-- wp:paragraph -->\n<p>De moment no. Hi ha moltes produccions que es roden aqu\u00ed i, si fos el cas, hi ha moltes  maneres de fer-ho. Ens hem plantejat que si sort\u00eds una di\u00e0ria a Madrid, vas i vens, o intentes negociar-ho per grabar en 3 o 4 dies i els altres est\u00e0s a casa. Jo amb els nens ara mateix no ho contemplo, per\u00f2 amb en Marc ho hem parlat. Instal\u00b7lar-nos a la capital d&#8217;entrada no \u00e9s el nostre objectiu. Si em surt una feina a Madrid, faig les mil i una si cal, per\u00f2 treballar hem de treballar.<\/p>\n<!-- \/wp:paragraph -->\n\n<!-- wp:paragraph -->\n<p><strong>Est\u00e0s treballant en paral\u00b7lel amb altres projectes? Parlar de futur es fa dif\u00edcil, per\u00f2 tens algun projecte en ment per a un futur immediat?<\/strong><\/p>\n<!-- \/wp:paragraph -->\n\n<!-- wp:paragraph -->\n<p>Immediat, no. A <em>Com si fos ahir <\/em>estar\u00e9 tota la temporada, per\u00f2 tan de bo siguin moltes m\u00e9s. Em van trucar l&#8217;altre dia per a una possible obra al Temporada Alta pr\u00f2xim, amb el Josep Galindo i la Mar Monegal. Per sort, hi ha persones que se n&#8217;empesquen totes per no parar de treballar. L&#8217;obra que m&#8217;han proposat \u00e9s la guanyadora del Torneig de dramat\u00fargia d&#8217;enguany. Ara, tal i com estan les coses, tan de bo es pugui dur a terme, per\u00f2 ja se sap que en aquests moments&#8230; Per aix\u00f2, ning\u00fa s&#8217;acaba de lligar a res. La nostra feina es basa una mica en la il\u00b7lusi\u00f3: fas un c\u00e0sting, passes una primera i segona prova, t&#8217;emociones, et penses que ja hi ets, els productors et diuen que s\u00ed i al final acaba per ser que no. El primer &#8220;no&#8221; el vius b\u00e9; el segon &#8220;no&#8221;, no tan b\u00e9; per\u00f2 el tercer &#8220;no&#8221;&#8230; Pel confinament em van dir tres &#8220;no&#8221; seguits i t&#8217;he de confesar que em va agafar una mica de <em>baj\u00f3n<\/em>. <\/p>\n<!-- \/wp:paragraph -->\n\n<!-- wp:paragraph -->\n<p><strong>Has treballat en cine i televisi\u00f3, per\u00f2 quan penso en la Sara Esp\u00edgul no puc evitar veure\u2019t damunt de l\u2019escenari. Quines ganes de teatre! Per\u00f2 tornar als escenaris sembla tot un repte, tenint present les limitacions municipals, d\u2019aforament, mesures de seguretat\u2026 Per\u00f2 val la pena!<\/strong><\/p>\n<!-- \/wp:paragraph -->\n\n<!-- wp:paragraph -->\n<p>Absolutament! \u00c9s que no s\u00e9 qu\u00e8 estem fent sense teatre. S&#8217;ha demostrat que \u00e9s absolutament segur. Es van <em>currar<\/em> una s\u00e8rie de mesures perqu\u00e8 aix\u00ed fos, es van dur a terme i va funcionar. I de cop i volta, no ens ho permeten fer com voldr\u00edem. Per\u00f2 aix\u00f2 s&#8217;ha de tornar a establir ja! Jo necessito anar al teatre, tinc el <em>mono<\/em>. Sort que al meu poble de tant en tant fan teatre infantil i podem anar al teatre. Per a nosaltres \u00e9s vida. No entenem la vida sense teatre.<\/p>\n<!-- \/wp:paragraph -->\n\n<!-- wp:paragraph -->\n<p><strong>Moltes ganes de tornar al teatre, per\u00f2 diga\u2019m: quan passi tot aix\u00f2, qu\u00e8 \u00e9s el que et ve m\u00e9s de gust fer?<\/strong><\/p>\n<!-- \/wp:paragraph -->\n\n<!-- wp:paragraph -->\n<p>Viatjar! Tenim una casa mig abandonada a L&#8217;Empord\u00e0 perqu\u00e8 no hi hem pogut anar. Portar els nens amunt i avall&#8230; El meu fill no ha sortit d&#8217;Argentona!<\/p>\n<!-- \/wp:paragraph -->\n\n<!-- wp:embed {\"url\":\"https:\/\/youtu.be\/8Zv350WhYvE\",\"type\":\"video\",\"providerNameSlug\":\"youtube\",\"responsive\":true,\"className\":\"wp-embed-aspect-16-9 wp-has-aspect-ratio\"} -->\n<figure class=\"wp-block-embed is-type-video is-provider-youtube wp-block-embed-youtube wp-embed-aspect-16-9 wp-has-aspect-ratio\"><div class=\"wp-block-embed__wrapper\">\nhttps:\/\/youtu.be\/8Zv350WhYvE\n<\/div><\/figure>\n<!-- \/wp:embed -->","protected":false},"excerpt":{"rendered":"<p>&#8220;El teatre \u00e9s vida: a casa no entenem la vida sense teatre&#8221; S\u2019obre el tel\u00f3 i es veu una actriu&#8230;<\/p>\n","protected":false},"author":1,"featured_media":521,"comment_status":"open","ping_status":"open","sticky":false,"template":"","format":"standard","meta":{"footnotes":""},"categories":[4,5,24],"tags":[86,87,85],"class_list":["post-519","post","type-post","status-publish","format-standard","has-post-thumbnail","hentry","category-actualitat","category-entrevistes","category-portada","tag-com-si-fos-ahir","tag-tnc","tag-tv3"],"_links":{"self":[{"href":"https:\/\/www.enescena.net\/wp-json\/wp\/v2\/posts\/519","targetHints":{"allow":["GET"]}}],"collection":[{"href":"https:\/\/www.enescena.net\/wp-json\/wp\/v2\/posts"}],"about":[{"href":"https:\/\/www.enescena.net\/wp-json\/wp\/v2\/types\/post"}],"author":[{"embeddable":true,"href":"https:\/\/www.enescena.net\/wp-json\/wp\/v2\/users\/1"}],"replies":[{"embeddable":true,"href":"https:\/\/www.enescena.net\/wp-json\/wp\/v2\/comments?post=519"}],"version-history":[{"count":16,"href":"https:\/\/www.enescena.net\/wp-json\/wp\/v2\/posts\/519\/revisions"}],"predecessor-version":[{"id":1089,"href":"https:\/\/www.enescena.net\/wp-json\/wp\/v2\/posts\/519\/revisions\/1089"}],"wp:featuredmedia":[{"embeddable":true,"href":"https:\/\/www.enescena.net\/wp-json\/wp\/v2\/media\/521"}],"wp:attachment":[{"href":"https:\/\/www.enescena.net\/wp-json\/wp\/v2\/media?parent=519"}],"wp:term":[{"taxonomy":"category","embeddable":true,"href":"https:\/\/www.enescena.net\/wp-json\/wp\/v2\/categories?post=519"},{"taxonomy":"post_tag","embeddable":true,"href":"https:\/\/www.enescena.net\/wp-json\/wp\/v2\/tags?post=519"}],"curies":[{"name":"wp","href":"https:\/\/api.w.org\/{rel}","templated":true}]}}