{"id":568,"date":"2021-02-18T07:20:36","date_gmt":"2021-02-18T07:20:36","guid":{"rendered":"https:\/\/www.enescena.net\/?p=568"},"modified":"2023-10-29T18:14:37","modified_gmt":"2023-10-29T18:14:37","slug":"dani-bernabe","status":"publish","type":"post","link":"https:\/\/www.enescena.net\/2021\/02\/18\/dani-bernabe\/","title":{"rendered":"Dani Bernab\u00e9"},"content":{"rendered":"<!-- wp:heading -->\n<h2 class=\"wp-block-heading\">&#8220;La professi\u00f3 d&#8217;actor, tot i ser molt dura, \u00e9s realment la que porto a dins&#8221;.<\/h2>\n<!-- \/wp:heading -->\n\n<!-- wp:paragraph -->\n<p>TAMB\u00c9 POTS ESCOLTAR L&#8217;<a href=\"https:\/\/www.radiomollet.com\/programs\/posalespiles\/radiomollet_podcast_26213?s=3918&amp;ref=wa\">ENTREVISTA A R\u00c0DIO MOLLET<\/a> (25\/10\/2023)<\/p>\n<!-- \/wp:paragraph -->\n\n<!-- wp:paragraph -->\n<p>La darrera vegada que vam coincidir amb en Dani Bernab\u00e9 ara fa 9 anys. Era aleshores el meu professor de teatre i est\u00e0vem preparant l\u2019obra de fi de curs. Per\u00f2 aquell dia vam quedar per fer un caf\u00e8 i, per motius personals, vaig haver de dir-li que no podria actuar. Us asseguro que hagu\u00e9s comen\u00e7at aquest text amb fotografies d\u2019aquell espectacle i, sens dubte, comen\u00e7ar\u00edem de la manera que m\u00e9s li agrada a en Bernab\u00e9: rient. Doncs s\u00ed que ho farem, ja veureu, perqu\u00e8 qui riu l\u2019\u00faltim riu m\u00e9s a gust!<\/p>\n<!-- \/wp:paragraph -->\n\n<!-- wp:paragraph -->\n<p>En Dani Bernab\u00e9 va debutar amb l\u2019obra <em>Campi qui pugui<\/em> amb uns 14\/15 anys, per\u00f2 ja se li havia despertat el cuquet pel teatre de ben petit, quan anava a l\u2019escola Salvador Espriu. Aquest va ser el seu debut en p\u00fablic, per\u00f2 si l\u2019hagu\u00e9ssim pogut veure a trav\u00e9s del mirall, feia anys que imitava a actors cl\u00e0ssics hollywoodians com Marlon Brando, Cary Grant o Gary Cooper. Ja veieu que \u00e9s un cin\u00e8fil empedre\u00eft! Com a mostra, la col\u00b7lecci\u00f3 de pel\u00b7l\u00edcules originals que t\u00e9 a casa, com si d\u2019un museu del cinema es tract\u00e9s.<\/p>\n<!-- \/wp:paragraph -->\n\n<!-- wp:paragraph -->\n<p>Des de <em>Campi qui pugui<\/em> ja no ha deixat mai d\u2019actuar, sigui en un escenari o sigui davant de la c\u00e0mera. Destaquem que en Bernab\u00e9 va ser el primer arc\u00e0ngel Sant Miquel que va interpretar un noi a <em>Els Pastorets<\/em> de Granollers. Sempre havia estat una dona, fins que l\u2019Emili Galo es va decidir a buscar un actor jove, alt, ros i amb ulls clars: clara descripci\u00f3 d\u2019en Dani Bernab\u00e9. Com a an\u00e8cdota, us explicar\u00e9 que no ha estat l\u2019\u00fanic pioner de la fam\u00edlia: l\u2019\u00e0via, als anys 30, va revol\u00b7lucionar el m\u00f3n de la m\u00fasica impartint classes de piano, una professi\u00f3 in\u00e8dita per a una dona!<\/p>\n<!-- \/wp:paragraph -->\n\n<!-- wp:image {\"id\":597,\"sizeSlug\":\"large\",\"linkDestination\":\"none\"} -->\n<figure class=\"wp-block-image size-large\"><img loading=\"lazy\" decoding=\"async\" width=\"1024\" height=\"433\" src=\"https:\/\/www.enescena.net\/wp-content\/uploads\/2021\/02\/panoramica-1-1024x433.jpg\" alt=\"\" class=\"wp-image-597\" srcset=\"https:\/\/www.enescena.net\/wp-content\/uploads\/2021\/02\/panoramica-1-1024x433.jpg 1024w, https:\/\/www.enescena.net\/wp-content\/uploads\/2021\/02\/panoramica-1-300x127.jpg 300w, https:\/\/www.enescena.net\/wp-content\/uploads\/2021\/02\/panoramica-1-768x325.jpg 768w, https:\/\/www.enescena.net\/wp-content\/uploads\/2021\/02\/panoramica-1-1536x650.jpg 1536w, https:\/\/www.enescena.net\/wp-content\/uploads\/2021\/02\/panoramica-1-2048x867.jpg 2048w\" sizes=\"auto, (max-width: 1024px) 100vw, 1024px\" \/><figcaption class=\"wp-element-caption\">Copyright: Susanna Alcalde<\/figcaption><\/figure>\n<!-- \/wp:image -->\n\n<!-- wp:paragraph -->\n<p>El primer curs d\u2019interpretaci\u00f3 que va rebre va ser a La Saleta, on va estudiar dos anys amb l\u2019Ever Mart\u00edn. All\u00e0 es van trobar una colla d\u2019aficionats amb moltes ganes de fer teatre; d\u2019aquest desig va n\u00e8ixer Sogtulakk, la primera companyia de la que va formar part i de la que conserva grans records. I qui no! Us confessar\u00e9 que jo era ben joveneta i aspirava a entrar-hi, i m\u00e9s despr\u00e9s de veure <em>Pels p\u00e8ls<\/em>, la com\u00e8dia de m\u00e9s \u00e8xit i amb la que van voltar per tota Catalunya.<\/p>\n<!-- \/wp:paragraph -->\n\n<!-- wp:paragraph -->\n<p>La formaci\u00f3 acad\u00e8mica d\u2019en Dani Bernab\u00e9 \u00e9s molt extensa, de fet, no ha deixat mai d\u2019estudiar ja que, per a ell, la professi\u00f3 d\u2019actor s\u2019ha d\u2019anar aprenent dia a dia, amb const\u00e0ncia, dedicaci\u00f3 i reciclatge intensiu. Es va graduar en Formaci\u00f3 de l\u2019Actor a l\u2019Escola Nancy Tu\u00f1\u00f3n i va cursar el Grau i el Trainning Professional d&#8217;actors de cinema amb Joan Frank Charansonnet a La Salamandra, de Barcelona, del 2012 al 2018. Tamb\u00e9 s\u2019ha format en dansa creativa amb la Carmen N\u00e1jera; commedia de\u2019llarte amb l\u2019Eug\u00e8nia Gonz\u00e1lez; ha fet cursos d\u2019animaci\u00f3, j\u00f3cker, teatre musical, doblatge, dicci\u00f3\u2026 A l\u2019actualitat, continua els estudis de cant, que va iniciar fa uns anys i amb els que espera millorar la seva t\u00e8cnica vocal.<\/p>\n<!-- \/wp:paragraph -->\n\n<!-- wp:paragraph -->\n<p>Tots aquests cursos formatius, van donar confian\u00e7a a en Bernab\u00e9 per provar d\u2019impartir classes, una vessant que realment li causa molt de respecte. Considera que s\u2019ha d\u2019estar molt preparat per dedicar-se a la doc\u00e8ncia, no nom\u00e9s \u00e9s una q\u00fcesti\u00f3 de t\u00edtols, cal haver trepitjat escenaris i tenir empatia amb l\u2019alumne. Dono fe que s\u00ed que la t\u00e9, ja he dit que va ser professor meu. Per\u00f2 haig de recon\u00e8ixer que abans de con\u00e8ixer-lo en persona, jo ja sabia qui era en Dani Bernab\u00e9. De fet, tot granoller\u00ed sap qui \u00e9s en Dani Bernab\u00e9. Si tanco els ulls i hi penso, el veig per la ciutat, amb la samarreta de Blaus, \u00e8ssent un dels pioners de la Festa Major. Tamb\u00e9 fent animacions pel Gran Centre, potser vestit de dona, o fent d\u2019speaker. Aix\u00f2 s\u00ed, el meu arxivador de records mentals no para de veure\u2019l en les seves mil vessants: d\u2019int\u00e8rpret, cantant, ballant, fent malabars\u2026<br><br>En Dani Bernab\u00e9 ha treballat en spots televisius, ha fet diverses participacions a s\u00e8ries de televisi\u00f3, ha estat actor radiof\u00f2nic a COM RADIO, tertuli\u00e0 a la RAP 107 i ha participat a videoclips com <em>M\u00e1s y m\u00e1s<\/em> del grup musical La Uni\u00f3n.<\/p>\n<!-- \/wp:paragraph -->\n\n<!-- wp:image {\"id\":601,\"sizeSlug\":\"large\",\"linkDestination\":\"none\"} -->\n<figure class=\"wp-block-image size-large\"><img loading=\"lazy\" decoding=\"async\" width=\"1024\" height=\"768\" src=\"https:\/\/www.enescena.net\/wp-content\/uploads\/2021\/02\/IMG_3713-copia-1024x768.jpg\" alt=\"\" class=\"wp-image-601\" srcset=\"https:\/\/www.enescena.net\/wp-content\/uploads\/2021\/02\/IMG_3713-copia-1024x768.jpg 1024w, https:\/\/www.enescena.net\/wp-content\/uploads\/2021\/02\/IMG_3713-copia-300x225.jpg 300w, https:\/\/www.enescena.net\/wp-content\/uploads\/2021\/02\/IMG_3713-copia-768x576.jpg 768w, https:\/\/www.enescena.net\/wp-content\/uploads\/2021\/02\/IMG_3713-copia-1536x1152.jpg 1536w, https:\/\/www.enescena.net\/wp-content\/uploads\/2021\/02\/IMG_3713-copia-2048x1536.jpg 2048w\" sizes=\"auto, (max-width: 1024px) 100vw, 1024px\" \/><figcaption class=\"wp-element-caption\">Copyright: Susanna Alcalde<\/figcaption><\/figure>\n<!-- \/wp:image -->\n\n<!-- wp:paragraph -->\n<p>A la gran pantalla, en Dani Bernab\u00e9 ha actuat i produ\u00eft les pel\u00b7l\u00edcules dirigides pel Joan Frank Charansonnet <em>Anunnaki. El Origen<\/em>; <em>P\u00e0tria. La llegenda d&#8217;Otger Catal\u00f3<\/em>; <em>Doctrina<\/em>; <em>\u00c1nima<\/em>; i <em>Terra de Telers<\/em>. Tamb\u00e9 participa com a actor, entre d\u2019altres, als llargmetratges <em>Cierzo. Relatos fant\u00e1sticos<\/em>, de Daniel Bayona; <em>Peces<\/em>, de Sergi Castelar; i a curtmetratges com <em>Proyecto nebula<\/em>, de Gemma Alf\u00f3s; o <em>Dolor de simientes<\/em>, de Jos\u00e9 San P\u00e1ez.<\/p>\n<!-- \/wp:paragraph -->\n\n<!-- wp:paragraph -->\n<p>Damunt dels escenaris, l\u2019hem pogut veure a les obres de Sogtulakk <em>Els meus amics<\/em>, <em>Kr\u00e0mpack<\/em> o <em>Ja en tinc 30!<\/em>; i a les produccions musicals de Milnotes <em>Els Pirates<\/em>, <em>La Corte de Fara\u00f3n<\/em>, <em>Katiuska<\/em>, <em>Tiramis\u00fa sarsuel\u00edstic<\/em> i la \u00faltima estrenada <em>Chicago<\/em>. Per\u00f2 la seva vinculaci\u00f3 amb aquesta darrera companyia va m\u00e9s enll\u00e0 de la interpretaci\u00f3: \u00e9s tamb\u00e9 professor d\u2019interpretaci\u00f3 de l\u2019escola musical Milnotes i el proper dia 27 estrenar\u00e0, en una de les sales del centre, el show cabaret <em>Divas al rojo vivo<\/em>, escrit per ell mateix i interpretat juntament amb l\u2019Adri\u00e0 Fornos i en Joan Garrido. Si la voleu veure, haur\u00e0 de ser ja per al 22 de maig, perqu\u00e8 les funcions del dia 27 de febrer i 28 de mar\u00e7 ja estan exhaurides!<\/p>\n<!-- \/wp:paragraph -->\n\n<!-- wp:paragraph -->\n<p>M\u2019he comprom\u00e8s a acabar amb uns riures i aix\u00ed sigui. Aquest cap d\u2019any, en Dani Bernab\u00e9 va presentar un programa de Reggaeton juntament amb en Joan Garrido. Us explico una an\u00e8cdota que encara ric quan hi penso: en el moment del maquillatge, quan li van preguntar quin era el seu paper, va respondre que era el \u201ccu\u00f1ao\u201d (en relaci\u00f3 al personatge d\u2019en Garrido). La maquilladora va comen\u00e7ar a fer-li arrugues i, quan el Dani es va mirar al mirall, no entenia per qu\u00e8 feia d\u2019avi. La sorpresa va ser enorme quan la maquilladora va comen\u00e7ar a rumiar com ocultar-li les dents i va entendre que l\u2019estaven personificant no en el germ\u00e0 pol\u00edtic d\u2019en Garrido sin\u00f2 en el \u201crialletes\u201d esdentegat del programa del Jes\u00fas Quintero.<\/p>\n<!-- \/wp:paragraph -->\n\n<!-- wp:paragraph -->\n<p>Si seguiu l\u2019entrevista de continuaci\u00f3, mencionem a la gran Carulla, que definim com l\u2019\u201c\u00e0via de Catalunya\u201d. Estic segura que en Bernab\u00e9 esdevindr\u00e0 l\u2019\u201cavi de Granollers\u201d, m\u2019atreveixo a dir que far\u00e0 d\u2019actor fins que els anys li ho permetin. Perqu\u00e8 quan l\u2019ofici d\u2019actor es porta a la sang, \u00e9s un privilegi actuar de per vida.<\/p>\n<!-- \/wp:paragraph -->\n\n<!-- wp:embed {\"url\":\"https:\/\/www.youtube.com\/watch?v=WQz3uoZl-w0\",\"type\":\"video\",\"providerNameSlug\":\"youtube\",\"responsive\":true,\"className\":\"wp-embed-aspect-16-9 wp-has-aspect-ratio\"} -->\n<figure class=\"wp-block-embed is-type-video is-provider-youtube wp-block-embed-youtube wp-embed-aspect-16-9 wp-has-aspect-ratio\"><div class=\"wp-block-embed__wrapper\">\nhttps:\/\/www.youtube.com\/watch?v=WQz3uoZl-w0\n<\/div><figcaption class=\"wp-element-caption\">Entrevista sencera a Dani Bernab\u00e9<\/figcaption><\/figure>\n<!-- \/wp:embed -->\n\n<!-- wp:paragraph -->\n<p><strong>Bona tarda, Dani Bernab\u00e9, un dels actors polifac\u00e8tics m\u00e9s coneguts i m\u00e9s treballadors de Granollers. Teatre, musicals, cinema, r\u00e0dio\u2026 comencem amb una pregunta dif\u00edcil: quina \u00e9s la cara d\u2019aquest prisma que \u00e9s en Dani Bernab\u00e9 amb la que t\u2019hi sents m\u00e9s a gust?<\/strong><\/p>\n<!-- \/wp:paragraph -->\n\n<!-- wp:paragraph -->\n<p>S\u00ed que \u00e9s dif\u00edcil (riu). Com a actor et dir\u00e9 ser polifac\u00e8tic en s\u00ed \u00e9s el que m&#8217;agrada. M&#8217;encanta posar-me en la pell de qualsevol personatge, per molt desagradable que sigui, intento buscar-li la part m\u00e9s positiva. I com a persona, obviament, un prisma optimista, alegre i vital. Sobre tot en els moments que vivim ara. Penso que la millor medicina que pot tenir una persona sempre \u00e9s el seu somriure. Jo s\u00f3c una persona que sempre estic amb un somriure i crec que \u00e9s una bona manera d&#8217;enfrontar-se a les diferents situacions de la vida, siguin bones o dolentes. <\/p>\n<!-- \/wp:paragraph -->\n\n<!-- wp:paragraph -->\n<p><strong>I quan no dones la cara (o la veu!), quina escolliries: professor, productor, director, actor&#8230;?<\/strong><\/p>\n<!-- \/wp:paragraph -->\n\n<!-- wp:paragraph -->\n<p>Si inclo\u00efm l&#8217;actor, no tinc dubtes! He provat totes les vessants que has mencionat, totes tenen el seu qu\u00e8, per\u00f2 la que m\u00e9s m&#8217;omple \u00e9s la interpretaci\u00f3, seguida de la doc\u00e8ncia. Vaig descobrir que m&#8217;agradava tot el <em>feed-back<\/em> i empatia amb l&#8217;alumnat. Penso que hi ha molta gent que d\u00f3na classes que no serveix, no parlo de coneixements, es tracta de l&#8217;empatia amb les persones i els alumnes. I aix\u00f2 ho tens o no ho tens. I darrerament he recuperat una faceta que la tenia de petit i la tenia abandonada: escriptor-guionista. En realitat \u00e9s d&#8217;escriptor, per\u00f2 hi afegeixo guionista perqu\u00e8 he fet una s\u00e8rie de guions durant aquesta pand\u00e8mia de projectes que tenia al cap. Un es far\u00e0 ben aviat i n&#8217;estic molt content! <\/p>\n<!-- \/wp:paragraph -->\n\n<!-- wp:gallery {\"linkTo\":\"none\"} -->\n<figure class=\"wp-block-gallery has-nested-images columns-default is-cropped\"><!-- wp:image {\"id\":591,\"sizeSlug\":\"large\",\"linkDestination\":\"none\"} -->\n<figure class=\"wp-block-image size-large\"><img loading=\"lazy\" decoding=\"async\" width=\"1024\" height=\"768\" src=\"https:\/\/www.enescena.net\/wp-content\/uploads\/2021\/02\/IMG_3649-copia-1024x768.jpg\" alt=\"\" class=\"wp-image-591\" srcset=\"https:\/\/www.enescena.net\/wp-content\/uploads\/2021\/02\/IMG_3649-copia-1024x768.jpg 1024w, https:\/\/www.enescena.net\/wp-content\/uploads\/2021\/02\/IMG_3649-copia-300x225.jpg 300w, https:\/\/www.enescena.net\/wp-content\/uploads\/2021\/02\/IMG_3649-copia-768x576.jpg 768w, https:\/\/www.enescena.net\/wp-content\/uploads\/2021\/02\/IMG_3649-copia-1536x1152.jpg 1536w, https:\/\/www.enescena.net\/wp-content\/uploads\/2021\/02\/IMG_3649-copia-2048x1536.jpg 2048w\" sizes=\"auto, (max-width: 1024px) 100vw, 1024px\" \/><\/figure>\n<!-- \/wp:image -->\n\n<!-- wp:image {\"id\":592,\"sizeSlug\":\"large\",\"linkDestination\":\"none\"} -->\n<figure class=\"wp-block-image size-large\"><img loading=\"lazy\" decoding=\"async\" width=\"1024\" height=\"768\" src=\"https:\/\/www.enescena.net\/wp-content\/uploads\/2021\/02\/IMG_3658-copia-1024x768.jpg\" alt=\"\" class=\"wp-image-592\" srcset=\"https:\/\/www.enescena.net\/wp-content\/uploads\/2021\/02\/IMG_3658-copia-1024x768.jpg 1024w, https:\/\/www.enescena.net\/wp-content\/uploads\/2021\/02\/IMG_3658-copia-300x225.jpg 300w, https:\/\/www.enescena.net\/wp-content\/uploads\/2021\/02\/IMG_3658-copia-768x576.jpg 768w, https:\/\/www.enescena.net\/wp-content\/uploads\/2021\/02\/IMG_3658-copia-1536x1152.jpg 1536w, https:\/\/www.enescena.net\/wp-content\/uploads\/2021\/02\/IMG_3658-copia-2048x1536.jpg 2048w\" sizes=\"auto, (max-width: 1024px) 100vw, 1024px\" \/><\/figure>\n<!-- \/wp:image -->\n\n<!-- wp:image {\"id\":593,\"sizeSlug\":\"large\",\"linkDestination\":\"none\"} -->\n<figure class=\"wp-block-image size-large\"><img loading=\"lazy\" decoding=\"async\" width=\"1024\" height=\"768\" src=\"https:\/\/www.enescena.net\/wp-content\/uploads\/2021\/02\/IMG_3662-copia-1024x768.jpg\" alt=\"\" class=\"wp-image-593\" srcset=\"https:\/\/www.enescena.net\/wp-content\/uploads\/2021\/02\/IMG_3662-copia-1024x768.jpg 1024w, https:\/\/www.enescena.net\/wp-content\/uploads\/2021\/02\/IMG_3662-copia-300x225.jpg 300w, https:\/\/www.enescena.net\/wp-content\/uploads\/2021\/02\/IMG_3662-copia-768x576.jpg 768w, https:\/\/www.enescena.net\/wp-content\/uploads\/2021\/02\/IMG_3662-copia-1536x1152.jpg 1536w, https:\/\/www.enescena.net\/wp-content\/uploads\/2021\/02\/IMG_3662-copia-2048x1536.jpg 2048w\" sizes=\"auto, (max-width: 1024px) 100vw, 1024px\" \/><\/figure>\n<!-- \/wp:image -->\n\n<!-- wp:image {\"id\":594,\"sizeSlug\":\"large\",\"linkDestination\":\"none\"} -->\n<figure class=\"wp-block-image size-large\"><img loading=\"lazy\" decoding=\"async\" width=\"1024\" height=\"768\" src=\"https:\/\/www.enescena.net\/wp-content\/uploads\/2021\/02\/IMG_3666-copia-1024x768.jpg\" alt=\"\" class=\"wp-image-594\" srcset=\"https:\/\/www.enescena.net\/wp-content\/uploads\/2021\/02\/IMG_3666-copia-1024x768.jpg 1024w, https:\/\/www.enescena.net\/wp-content\/uploads\/2021\/02\/IMG_3666-copia-300x225.jpg 300w, https:\/\/www.enescena.net\/wp-content\/uploads\/2021\/02\/IMG_3666-copia-768x576.jpg 768w, https:\/\/www.enescena.net\/wp-content\/uploads\/2021\/02\/IMG_3666-copia-1536x1152.jpg 1536w, https:\/\/www.enescena.net\/wp-content\/uploads\/2021\/02\/IMG_3666-copia-2048x1536.jpg 2048w\" sizes=\"auto, (max-width: 1024px) 100vw, 1024px\" \/><\/figure>\n<!-- \/wp:image --><figcaption class=\"blocks-gallery-caption wp-element-caption\">Copyright: Susanna Alcalde<\/figcaption><\/figure>\n<!-- \/wp:gallery -->\n\n<!-- wp:paragraph -->\n<p><strong>Fa poquet llegia una entrevista a la gran Montserrat Carulla en la que deia que ser actriu no es decideix: \u201cuna ho \u00e9s o no ho \u00e9s\u201d. Amb tots els respectes per l\u2019\u201c\u00e0via de Catalunya\u201d i sota el meu punt de vista, \u00e9s una frase que podria ser teva perfectament.<\/strong><\/p>\n<!-- \/wp:paragraph -->\n\n<!-- wp:paragraph -->\n<p>Hi estic molt d&#8217;acord. Saps quan parlem del fam\u00f3s &#8220;cuc&#8221; que portem a dins? Per\u00f2 no nom\u00e9s en el m\u00f3n de la interpretaci\u00f3, sin\u00f2 en qualsevol branca de l&#8217;art. Aquest cuc el tens o no el tens. La t\u00e8cnica \u00e9s important\u00edssima, per\u00f2 hi ha un talent innat que hi \u00e9s o no. Hi ha moltes professions que no podria fer-les, no s\u00f3n la meva vocaci\u00f3. \u00c9s molt important saber per a qu\u00e8 serveixes i per a qu\u00e8 no. No \u00e9s f\u00e0cil, s&#8217;ha d&#8217;anar descobrint. Jo vaig tenir la sort de petit que vaig tenir molt clar que m&#8217;agradava la interpretaci\u00f3 perqu\u00e8 imitava tots els actors de les pel\u00b7l\u00edcules cl\u00e0ssiques davant el mirall. Si veia una del Gary Cooper, jo era Gary Cooper. Si veia una del Cary Grant, jo era Cary Grant. <\/p>\n<!-- \/wp:paragraph -->\n\n<!-- wp:paragraph -->\n<p><strong>Referint-nos a la teva feina com a productor per a Dejav\u00fa Films, una productora de Granollers que aposta pel cinema catal\u00e0, totalment independent. No rebeu ajudes p\u00fabliques ni subvencions. Qu\u00e8 dif\u00edcil tirar endavant\u2026 i trist aquest nul suport pel cinema d\u2019autor del nostre pa\u00eds!<\/strong><\/p>\n<!-- \/wp:paragraph -->\n\n<!-- wp:paragraph -->\n<p>Primer de tot, fa un any i escaig que no formo part d&#8217;aquesta productora. Vaig estar-hi cinc anys i precisament no hi s\u00f3c perqu\u00e8, tornant una mica al qu\u00e8 parl\u00e0vem abans, prioritzo el tema actor davant de tota la resta. Ser productor \u00e9s molt dif\u00edcil, t&#8217;absorveix tant de temps i tanta energia que estava aparcant la meva carrera com a actor.  Fins i tot compaginava la producci\u00f3 amb la interpretaci\u00f3, com per exemple, als films <em>Doctrina<\/em> o <em>P\u00e0tria<\/em>. T&#8217;asseguro que vaig anar molt de b\u00f2lit, tant en una faceta com en l&#8217;altra! Aqu\u00ed \u00e9s on vaig fer balan\u00e7a i em vaig dir: qu\u00e8 m&#8217;est\u00e0 omplint m\u00e9s i que m&#8217;est\u00e0 &#8220;cremant&#8221; m\u00e9s? La professi\u00f3 d&#8217;actor, tot i ser molt dura, \u00e9s realment la que porto a dins. Vaig fer un m\u00e0ster accelerat com a productor i t&#8217;haig de dir que no m&#8217;empenedeixo gens. He conegut molt m\u00e9s aquest negoci i m&#8217;ha donat molts recursos i comprensi\u00f3 com a actor. Sembla que vaig ser una mica visionari, perqu\u00e8 vaig deixar-ho poc abans de la pand\u00e8mia, i no vull posar-me a la pell de les persones que ara porten una producci\u00f3. Tot i que tamb\u00e9 \u00e9s veritat que ens hem de reinventar enfront de tota mena de situaci\u00f3 per poder seguir endavant. Jo, com acabo de dir, he tornat a escriure. Segur que si no hagu\u00e9ssim viscut un confinament, no ho hagu\u00e9s fet. Aix\u00ed que a all\u00f2 que no ha de durar, no t&#8217;hi has d&#8217;acostumar: avancem amb un somriure i optimisme, que sempre tot passa per alguna cosa!<\/p>\n<!-- \/wp:paragraph -->\n\n<!-- wp:quote {\"className\":\"is-style-default\"} -->\n<blockquote class=\"wp-block-quote is-style-default\"><!-- wp:paragraph -->\n<p>Ens hem de reinventar enfront de tota mena de situaci\u00f3 per poder seguir endavant.<\/p>\n<!-- \/wp:paragraph --><\/blockquote>\n<!-- \/wp:quote -->\n\n<!-- wp:image {\"id\":598,\"sizeSlug\":\"large\",\"linkDestination\":\"none\"} -->\n<figure class=\"wp-block-image size-large\"><img loading=\"lazy\" decoding=\"async\" width=\"1024\" height=\"768\" src=\"https:\/\/www.enescena.net\/wp-content\/uploads\/2021\/02\/IMG_3677-copia-1024x768.jpg\" alt=\"\" class=\"wp-image-598\" srcset=\"https:\/\/www.enescena.net\/wp-content\/uploads\/2021\/02\/IMG_3677-copia-1024x768.jpg 1024w, https:\/\/www.enescena.net\/wp-content\/uploads\/2021\/02\/IMG_3677-copia-300x225.jpg 300w, https:\/\/www.enescena.net\/wp-content\/uploads\/2021\/02\/IMG_3677-copia-768x576.jpg 768w, https:\/\/www.enescena.net\/wp-content\/uploads\/2021\/02\/IMG_3677-copia-1536x1152.jpg 1536w, https:\/\/www.enescena.net\/wp-content\/uploads\/2021\/02\/IMG_3677-copia-2048x1536.jpg 2048w\" sizes=\"auto, (max-width: 1024px) 100vw, 1024px\" \/><figcaption class=\"wp-element-caption\">Copyright: Susanna Alcalde<\/figcaption><\/figure>\n<!-- \/wp:image -->\n\n<!-- wp:paragraph -->\n<p><strong>Parlant del moment actual, t\u2019he escoltat dir que la COVID19 \u00e9s moment de recuperar el nen interior que tots portem dins.<\/strong><\/p>\n<!-- \/wp:paragraph -->\n\n<!-- wp:paragraph -->\n<p>Aix\u00f2 ho vaig dir en ple estat d&#8217;alarma i em vaig adonar que tots portem un nen a dins (als meus alumnes sempre els proposo que juguin, que s&#8217;oblidin que \u00e9s un exercici i a jugar!). Si t&#8217;hi fixes, al principi del virus, tothom deia que els nens eren els menys afectats. Per alguna cosa ser\u00e0! Si enfoquem la vida des de la inoc\u00e8ncia, la il\u00b7lusi\u00f3, l&#8217;alegria i la bondat que t\u00e9 un nen, en tots els aspectes de la vida, potser tots ser\u00edem m\u00e9s feli\u00e7os.<\/p>\n<!-- \/wp:paragraph -->\n\n<!-- wp:paragraph -->\n<p><strong>Durant el confinament, va brillar molt aquest esperit d\u2019en Dani \u201cpetit\u201d amb els \u201cBernachallenge\u201d que vau proposar amb la teva filla. Qu\u00e8 m\u00e9s vas fer durant el confinament?<\/strong><br>Vaig apar\u00e8ixer en un cap\u00edtol de <em>L&#8217;Ant\u00f2nia Forever<\/em>, fent de Sandro King, una par\u00f2dia de l&#8217;endev\u00ed Sandro Rey. Els &#8220;Bernachallenge&#8221; van comen\u00e7ar com un joc a casa. La meva filla, la J\u00falia, es va comen\u00e7ar a familiaritzar amb el <em>TikTok<\/em> i em va demanar fer-ne un junts. Al principi va ser una mica per provar, el vaig penjar sense m\u00e9s pretensions i va agradar, tenia molts <em>likes<\/em>! Li vaig trobar la gr\u00e0cia i vaig pensar en fer una secci\u00f3 per penjar un setmanal, com a punt d&#8217;humor, m\u00fasica i alegria en aquest estat d&#8217;alarma.<\/p>\n<!-- \/wp:paragraph -->\n\n<!-- wp:paragraph -->\n<p><strong>Et segueixo, i precisament per aix\u00f2 et proposo un joc! M\u2019agradaria dir-te un seguit de paraules que, quan penso en tu, inevitablement em venen al cap. I m\u2019agradaria que respongu\u00e9ssis igual, amb la primera paraula\/paraules que t\u2019inspirin.<\/strong><br><strong>Blaus:<\/strong> Festa! <strong>Granollers:<\/strong> casa. <strong><em>La corte del Fara\u00f3n<\/em>:<\/strong> espectacular. <strong><em>Chicago<\/em>:<\/strong> somni. <strong>Milnotes:<\/strong> casa tamb\u00e9. <strong><em>Sogtulakk<\/em>:<\/strong> en una paraula? Buf! Principis. <strong><em>Kr\u00e0mpak<\/em>:<\/strong> alegria. <strong>Doc\u00e8ncia: <\/strong>feina. <strong>Somriure: <\/strong>vitalitat. <strong>A la \u00faltima, far\u00e9 trampes i ajuntar\u00e9 tres en una&#8230; &#8220;S\u00faperdivadivina&#8221;!<\/strong> pr\u00f2xim espectacle, no us el perdeu: \u00e9s el meu gui\u00f3.<\/p>\n<!-- \/wp:paragraph -->\n\n<!-- wp:quote {\"className\":\"is-style-default\"} -->\n<blockquote class=\"wp-block-quote is-style-default\"><!-- wp:paragraph -->\n<p>S\u00f3c heterosexual i pare de dos fills, i puc posar-me a la pell d&#8217;una dona o qualsevol altre personatge perqu\u00e8 s\u00f3c actor.<\/p>\n<!-- \/wp:paragraph --><\/blockquote>\n<!-- \/wp:quote -->\n\n<!-- wp:gallery {\"linkTo\":\"none\"} -->\n<figure class=\"wp-block-gallery has-nested-images columns-default is-cropped\"><!-- wp:image {\"id\":588,\"sizeSlug\":\"large\",\"linkDestination\":\"none\"} -->\n<figure class=\"wp-block-image size-large\"><img loading=\"lazy\" decoding=\"async\" width=\"1024\" height=\"768\" src=\"https:\/\/www.enescena.net\/wp-content\/uploads\/2021\/02\/IMG_3724OK-1024x768.jpg\" alt=\"\" class=\"wp-image-588\" srcset=\"https:\/\/www.enescena.net\/wp-content\/uploads\/2021\/02\/IMG_3724OK-1024x768.jpg 1024w, https:\/\/www.enescena.net\/wp-content\/uploads\/2021\/02\/IMG_3724OK-300x225.jpg 300w, https:\/\/www.enescena.net\/wp-content\/uploads\/2021\/02\/IMG_3724OK-768x576.jpg 768w, https:\/\/www.enescena.net\/wp-content\/uploads\/2021\/02\/IMG_3724OK-1536x1152.jpg 1536w, https:\/\/www.enescena.net\/wp-content\/uploads\/2021\/02\/IMG_3724OK-2048x1536.jpg 2048w\" sizes=\"auto, (max-width: 1024px) 100vw, 1024px\" \/><\/figure>\n<!-- \/wp:image -->\n\n<!-- wp:image {\"id\":587,\"sizeSlug\":\"large\",\"linkDestination\":\"none\"} -->\n<figure class=\"wp-block-image size-large\"><img loading=\"lazy\" decoding=\"async\" width=\"1024\" height=\"768\" src=\"https:\/\/www.enescena.net\/wp-content\/uploads\/2021\/02\/IMG_3699OK-1-1024x768.jpg\" alt=\"\" class=\"wp-image-587\" srcset=\"https:\/\/www.enescena.net\/wp-content\/uploads\/2021\/02\/IMG_3699OK-1-1024x768.jpg 1024w, https:\/\/www.enescena.net\/wp-content\/uploads\/2021\/02\/IMG_3699OK-1-300x225.jpg 300w, https:\/\/www.enescena.net\/wp-content\/uploads\/2021\/02\/IMG_3699OK-1-768x576.jpg 768w, https:\/\/www.enescena.net\/wp-content\/uploads\/2021\/02\/IMG_3699OK-1-1536x1152.jpg 1536w, https:\/\/www.enescena.net\/wp-content\/uploads\/2021\/02\/IMG_3699OK-1-2048x1536.jpg 2048w\" sizes=\"auto, (max-width: 1024px) 100vw, 1024px\" \/><\/figure>\n<!-- \/wp:image --><figcaption class=\"blocks-gallery-caption wp-element-caption\">Copyright: Susanna Alcalde<\/figcaption><\/figure>\n<!-- \/wp:gallery -->\n\n<!-- wp:paragraph -->\n<p><strong>No nom\u00e9s et veig de vermell a les <em>Divas<\/em>, t&#8217;he vist fent de dona en v\u00e0ries ocasions i sempre est\u00e0s &#8220;superdivadivina&#8221;.<\/strong><\/p>\n<!-- \/wp:paragraph -->\n\n<!-- wp:paragraph -->\n<p>Si em permets fer un apunt, com hem dit a l&#8217;inici de l&#8217;entrevista, jo s\u00f3c un actor polifac\u00e8tic que ha fet molts personatges (bons, dolents, assessins, violadors, maltractadors, periodistes, \u00e0ngels&#8230;). Em sap greu que, en aquesta professi\u00f3, quan et poses en la pell de segons quin personatge, ja no ets un actor seri\u00f3s. Estic cansat de sentir que certes com\u00e8dies o animacions, si fas de dona o de travestit, ets un actor de segona. Gent de l&#8217;ofici ho defineix de manera pejorativa. Passa una mica el mateix amb els pallassos. Per a mi \u00e9s s\u00faper digne. Ja m&#8217;agradaria veure&#8217;ls a ells, perqu\u00e8 no \u00e9s gens f\u00e0cil! \u00c9s m\u00e9s, quan et poses en la pell d&#8217;un personatge aix\u00ed, autom\u00e0ticament la gent associa que ets gay o bisexual, desgraciadament encara passa aix\u00f2 avui dia. Jo s\u00f3c heterosexual i pare de dos fills, i puc posar-me a la pell d&#8217;una dona o qualsevol altre personatge perqu\u00e8 s\u00f3c actor.<\/p>\n<!-- \/wp:paragraph -->\n\n<!-- wp:paragraph -->\n<p><strong>I sobre projectes en ferm: el proper 27 de febrer et veurem a <em>Divas al rojo vivo<\/em>. Explica\u2019ns una mica m\u00e9s sobre aquest show i tamb\u00e9 a on m\u00e9s et podrem veure.<\/strong><\/p>\n<!-- \/wp:paragraph -->\n\n<!-- wp:paragraph -->\n<p>La il\u00b7lusi\u00f3 i els projectes no han de faltar mai, tot i la incertesa del moment. <em>Divas al rojo vivo<\/em> \u00e9s un espectacle d&#8217;una hora i quart de durada, d&#8217;un gui\u00f3 meu. S\u00f3n tres actors que personifiquen a unes dives&#8230; per\u00f2 no \u00e9s gens f\u00e0cil ser una diva! No parlo de ser una diva davant de p\u00fablic, sin\u00f2 de les dives quan s&#8217;han apagat els focus. S\u00ed veurem al personatge en el moment del show, per\u00f2 tamb\u00e9 com s\u00f3n un cop de portes endins. L&#8217;altra cara de la diva. Sempre en clau c\u00f2mica, riurem i passarem una bona estona. Tamb\u00e9 cantem i ballem en directe, amb uns tocs de cabaret. En resum, tres dives apassionades del glamour, dels escenaris i els focus, per\u00f2 que s\u00f3n molt diferents entre elles i que, un cop apagades les llums, tenen la seva pr\u00f2pia personalitat, amb les seves inseguretats i pors. Tamb\u00e9 tinc en ment un altre gui\u00f3: s\u00f3n una s\u00e8rie de mon\u00f2legs interpretats per diferents actors, on es barreja el drama i la com\u00e8dia, i que tenen com a punt d&#8217;uni\u00f3 les emocions i sentiments. I voldria relacionar-los amb els colors. Ah! I moltes ganes de tornar a fer cinema en el futur, tot i que ser\u00e0 m\u00e9s complicat! <\/p>\n<!-- \/wp:paragraph -->\n\n<!-- wp:quote {\"className\":\"is-style-default\"} -->\n<blockquote class=\"wp-block-quote is-style-default\"><!-- wp:paragraph -->\n<p>Si enfoquem la vida des de la inoc\u00e8ncia, la il\u00b7lusi\u00f3, l&#8217;alegria i la bondat que t\u00e9 un nen, potser tots ser\u00edem m\u00e9s feli\u00e7os.<\/p>\n<!-- \/wp:paragraph --><\/blockquote>\n<!-- \/wp:quote -->\n\n<!-- wp:gallery {\"linkTo\":\"none\"} -->\n<figure class=\"wp-block-gallery has-nested-images columns-default is-cropped\"><!-- wp:image {\"id\":575,\"sizeSlug\":\"large\",\"linkDestination\":\"none\"} -->\n<figure class=\"wp-block-image size-large\"><img loading=\"lazy\" decoding=\"async\" width=\"1024\" height=\"768\" src=\"https:\/\/www.enescena.net\/wp-content\/uploads\/2021\/02\/IMG-20210211-WA0056-2.jpg\" alt=\"\" class=\"wp-image-575\" srcset=\"https:\/\/www.enescena.net\/wp-content\/uploads\/2021\/02\/IMG-20210211-WA0056-2.jpg 1024w, https:\/\/www.enescena.net\/wp-content\/uploads\/2021\/02\/IMG-20210211-WA0056-2-300x225.jpg 300w, https:\/\/www.enescena.net\/wp-content\/uploads\/2021\/02\/IMG-20210211-WA0056-2-768x576.jpg 768w\" sizes=\"auto, (max-width: 1024px) 100vw, 1024px\" \/><\/figure>\n<!-- \/wp:image -->\n\n<!-- wp:image {\"id\":576,\"sizeSlug\":\"large\",\"linkDestination\":\"none\"} -->\n<figure class=\"wp-block-image size-large\"><img loading=\"lazy\" decoding=\"async\" width=\"1024\" height=\"911\" src=\"https:\/\/www.enescena.net\/wp-content\/uploads\/2021\/02\/sessio-1-1024x911.jpg\" alt=\"\" class=\"wp-image-576\" srcset=\"https:\/\/www.enescena.net\/wp-content\/uploads\/2021\/02\/sessio-1-1024x911.jpg 1024w, https:\/\/www.enescena.net\/wp-content\/uploads\/2021\/02\/sessio-1-300x267.jpg 300w, https:\/\/www.enescena.net\/wp-content\/uploads\/2021\/02\/sessio-1-768x683.jpg 768w, https:\/\/www.enescena.net\/wp-content\/uploads\/2021\/02\/sessio-1-1536x1367.jpg 1536w, https:\/\/www.enescena.net\/wp-content\/uploads\/2021\/02\/sessio-1.jpg 1577w\" sizes=\"auto, (max-width: 1024px) 100vw, 1024px\" \/><\/figure>\n<!-- \/wp:image --><figcaption class=\"blocks-gallery-caption wp-element-caption\">Sessi\u00f3 fotogr\u00e0fica a Fotos Alcalde <a href=\"https:\/\/www.instagram.com\/fotos_alcalde\/?hl=es\" data-type=\"URL\" data-id=\"https:\/\/www.instagram.com\/fotos_alcalde\/?hl=es\">https:\/\/www.instagram.com\/fotos_alcalde\/?hl=es<\/a><\/figcaption><\/figure>\n<!-- \/wp:gallery -->","protected":false},"excerpt":{"rendered":"<p>&#8220;La professi\u00f3 d&#8217;actor, tot i ser molt dura, \u00e9s realment la que porto a dins&#8221;. TAMB\u00c9 POTS ESCOLTAR L&#8217;ENTREVISTA A&#8230;<\/p>\n","protected":false},"author":1,"featured_media":579,"comment_status":"open","ping_status":"open","sticky":false,"template":"","format":"standard","meta":{"footnotes":""},"categories":[4,5,24],"tags":[91,90,53,50,26,92],"class_list":["post-568","post","type-post","status-publish","format-standard","has-post-thumbnail","hentry","category-actualitat","category-entrevistes","category-portada","tag-blaus-de-granollers","tag-cinema-catala","tag-granollers","tag-milnotes","tag-musical","tag-susanna-alcalde"],"_links":{"self":[{"href":"https:\/\/www.enescena.net\/wp-json\/wp\/v2\/posts\/568","targetHints":{"allow":["GET"]}}],"collection":[{"href":"https:\/\/www.enescena.net\/wp-json\/wp\/v2\/posts"}],"about":[{"href":"https:\/\/www.enescena.net\/wp-json\/wp\/v2\/types\/post"}],"author":[{"embeddable":true,"href":"https:\/\/www.enescena.net\/wp-json\/wp\/v2\/users\/1"}],"replies":[{"embeddable":true,"href":"https:\/\/www.enescena.net\/wp-json\/wp\/v2\/comments?post=568"}],"version-history":[{"count":18,"href":"https:\/\/www.enescena.net\/wp-json\/wp\/v2\/posts\/568\/revisions"}],"predecessor-version":[{"id":1159,"href":"https:\/\/www.enescena.net\/wp-json\/wp\/v2\/posts\/568\/revisions\/1159"}],"wp:featuredmedia":[{"embeddable":true,"href":"https:\/\/www.enescena.net\/wp-json\/wp\/v2\/media\/579"}],"wp:attachment":[{"href":"https:\/\/www.enescena.net\/wp-json\/wp\/v2\/media?parent=568"}],"wp:term":[{"taxonomy":"category","embeddable":true,"href":"https:\/\/www.enescena.net\/wp-json\/wp\/v2\/categories?post=568"},{"taxonomy":"post_tag","embeddable":true,"href":"https:\/\/www.enescena.net\/wp-json\/wp\/v2\/tags?post=568"}],"curies":[{"name":"wp","href":"https:\/\/api.w.org\/{rel}","templated":true}]}}