{"id":744,"date":"2021-04-04T14:07:15","date_gmt":"2021-04-04T14:07:15","guid":{"rendered":"https:\/\/www.enescena.net\/?p=744"},"modified":"2021-04-04T14:12:08","modified_gmt":"2021-04-04T14:12:08","slug":"marc-martinez","status":"publish","type":"post","link":"https:\/\/www.enescena.net\/2021\/04\/04\/marc-martinez\/","title":{"rendered":"Marc Mart\u00ednez"},"content":{"rendered":"<!-- wp:heading -->\n<h2>&#8220;Sin cultura crece el fascismo, que es peor que el c\u00e1ncer y la pandemia actual.&#8221;<\/h2>\n<!-- \/wp:heading -->\n\n<!-- wp:paragraph -->\n<p>Desde siempre me han gustado las figuras literarias, creo que son imprescindibles en cualquier texto que se precie por ser un buen relato. Hay personas que hacen literatura y otras que son figuras ret\u00f3ricas. Marc Mart\u00ednez es, para m\u00ed, ambas personas (especifico &#8220;para m\u00ed&#8221; porque, si le preguntara, me rebatir\u00eda seguro).<\/p>\n<!-- \/wp:paragraph -->\n\n<!-- wp:paragraph -->\n<p>Supongo que no puedo evitar empezar de esta manera ya que la primera vez que habl\u00e9 con \u00e9l, hace unos a\u00f1os (por all\u00e1 el 2012), con la subida del IVA cultural al 21%, le pregunt\u00e9 sobre el tema y me respondi\u00f3: &#8220;\u00bfIVA y cultura? \u00bfQu\u00e9 es esto, un ox\u00edmoron?&#8221;. Seguro que muchos definir\u00edan a Marc Mart\u00ednez como una hip\u00e9rbole, otros dir\u00edan que no puede evitar hablar con \u00e9nfasis, pero seguro que nadie lo identificar\u00eda con una per\u00edfrasis o una reticencia. Dar rodeos no es su estilo: directo y contundente, guste o no guste. Y a m\u00ed reconozco que siempre me ha fascinado.<\/p>\n<!-- \/wp:paragraph -->\n\n<!-- wp:paragraph -->\n<p>Marc Mart\u00ednez subi\u00f3 al escenario por primera vez con 6 a\u00f1os, gracias a Edgardo Valerio, su profesor en el Colegio San Francisco, a quien considera que &#8220;le debe la vida&#8221;. Su padre les permit\u00eda hacer teatro cada tarde, a \u00e9l y a su hermano, para alejarlos de las calles del Raval, su lugar de residencia. No hab\u00edan artistas en la familia, pero s\u00ed mucho arte con el flamenco, el canto e, incluso, contando chistes o boxeando. Marc enseguida sinti\u00f3 el veneno del teatro corriendo por sus venas, representando bajo las \u00f3rdenes del uruguayo obras como <em>El m\u00e9dico a palos<\/em>, <em>Los Viajes de Pedro el Afortunado<\/em> o <em>Yvonne, Princesa de Borgo\u00f1a<\/em>. No fue hasta ingresar en la compa\u00f1\u00eda de teatro familiar <em>Paper d&#8217;Estrassa<\/em> del barrio de Horta cuando empez\u00f3 a ganar alg\u00fan dinero por actuar. Su despegue profesional en televisi\u00f3n y cine fue con la productora Focus, con la que ha trabajado tambi\u00e9n sobre las tablas en c\u00e9lebres obras como <em>Un tramvia anomenat desig<\/em>. <\/p>\n<!-- \/wp:paragraph -->\n\n<!-- wp:gallery {\"ids\":[791,792],\"linkTo\":\"none\"} -->\n<figure class=\"wp-block-gallery columns-2 is-cropped\"><ul class=\"blocks-gallery-grid\"><li class=\"blocks-gallery-item\"><figure><img loading=\"lazy\" decoding=\"async\" width=\"709\" height=\"480\" src=\"https:\/\/www.enescena.net\/wp-content\/uploads\/2021\/04\/i_conillet_n_059.jpg\" alt=\"\" data-id=\"791\" data-full-url=\"https:\/\/www.enescena.net\/wp-content\/uploads\/2021\/04\/i_conillet_n_059.jpg\" data-link=\"https:\/\/www.enescena.net\/?attachment_id=791\" class=\"wp-image-791\" srcset=\"https:\/\/www.enescena.net\/wp-content\/uploads\/2021\/04\/i_conillet_n_059.jpg 709w, https:\/\/www.enescena.net\/wp-content\/uploads\/2021\/04\/i_conillet_n_059-300x203.jpg 300w\" sizes=\"auto, (max-width: 709px) 100vw, 709px\" \/><\/figure><\/li><li class=\"blocks-gallery-item\"><figure><img loading=\"lazy\" decoding=\"async\" width=\"709\" height=\"473\" src=\"https:\/\/www.enescena.net\/wp-content\/uploads\/2021\/04\/t_conillet_pr_020.jpg\" alt=\"\" data-id=\"792\" data-full-url=\"https:\/\/www.enescena.net\/wp-content\/uploads\/2021\/04\/t_conillet_pr_020.jpg\" data-link=\"https:\/\/www.enescena.net\/?attachment_id=792\" class=\"wp-image-792\" srcset=\"https:\/\/www.enescena.net\/wp-content\/uploads\/2021\/04\/t_conillet_pr_020.jpg 709w, https:\/\/www.enescena.net\/wp-content\/uploads\/2021\/04\/t_conillet_pr_020-300x200.jpg 300w\" sizes=\"auto, (max-width: 709px) 100vw, 709px\" \/><\/figure><\/li><\/ul><figcaption class=\"blocks-gallery-caption\"><em>Conillet<\/em> \u00a9Felipe Mena<\/figcaption><\/figure>\n<!-- \/wp:gallery -->\n\n<!-- wp:paragraph -->\n<p>Su vocaci\u00f3n de actor siempre fue de la mano con la de profesor. Con s\u00f3lo nueve a\u00f1itos convenc\u00eda a sus amigos para subir a la enorme terraza que ten\u00eda el \u00e1tico de su piso a merendar pan con mantequilla y colacao, y jugar a dar clases: \u00e9l era el maestro y ellos, los alumnos. \u00c1vido de saber m\u00e1s y m\u00e1s cada d\u00eda, reconoce que le encanta compartir cualquier cosa que aprende. Como profesor de teatro, su primera experiencia fue en el Instituto Mil\u00e0 i Fontanals, que asumi\u00f3 la coordinaci\u00f3n del grupo de teatro en ausencia del director. Seg\u00fan recuerda, a partir de ese momento no se limit\u00f3 simplemente a actuar sino que ejerci\u00f3 &#8220;<em>poco a poco, y hasta el d\u00eda de hoy, de observador, facilitador y moderador del trabajo esc\u00e9nico del grupo; ll\u00e1male, a dirigir<\/em>&#8220;. En la actualidad trabaja en el Estudio de Laura Jou, en la escuela E\u00f2lia y en el Col\u00b7legi de Teatre, pero no es profesor titular, sino que va compaginando su trabajo de actor con la docencia. Tambi\u00e9n da clases de preparaci\u00f3n para c\u00e1stings. <\/p>\n<!-- \/wp:paragraph -->\n\n<!-- wp:paragraph -->\n<p>Antes de centrarse en el mundo interpretativo, empez\u00f3 a estudiar biolog\u00eda, pero medicina era otra de las carreras que le llamaban la atenci\u00f3n. De hecho, podr\u00eda haber estudiado la que quisiera, o m\u00e1s de una, gracias a sus altas capacidades. En casa, su padre tambi\u00e9n destacaba por su potencial intelectual, por eso siempre trat\u00f3 a Marc con total normalidad, sin explotar sus capacidades ni animarle a estudiar. Fue en la facultad de biolog\u00eda donde se dio cuenta de que hac\u00eda re\u00edr mucho a sus compa\u00f1eros y eso le hizo decidir decantarse por la interpretaci\u00f3n, pero le hubiese gustado que su padre le impulsara a hacer las dos carreras. Como estudios teatrales, estuvo dos a\u00f1os en el Col\u00b7legi de Teatre y empez\u00f3 en el Institut del Teatre, pero en segundo curso lo dej\u00f3 cuando le contrataron para participar en la comedia urbana musical <em>Tira&#8217;t de la moto<\/em>. <\/p>\n<!-- \/wp:paragraph -->\n\n<!-- wp:paragraph -->\n<p>El teatro es, para Marc Mart\u00ednez, una herramienta de transformaci\u00f3n social. O deber\u00eda serlo. M\u00e1s all\u00e1 de un simple entretenimiento. Por eso, en sus clases no cesa de repetir a los j\u00f3venes actores que deben luchar por la cultura, que aprendan a pensar y no sobre qu\u00e9 pensar, porque la cultura fomenta un tipo de libertad que no interesa. Por ello, considera primordial que desde bien peque\u00f1os tengamos una buena manera de entender la cultura. Una voz cr\u00edtica dentro del sector, una mosca cojonera que, debido a su hiperactividad, no para de agitar las alas y remover el polvo ante todo lo que sucede. Y ojal\u00e1 hubieran m\u00e1s como \u00e9l.<\/p>\n<!-- \/wp:paragraph -->\n\n<!-- wp:gallery {\"ids\":[781,782],\"linkTo\":\"none\"} -->\n<figure class=\"wp-block-gallery columns-2 is-cropped\"><ul class=\"blocks-gallery-grid\"><li class=\"blocks-gallery-item\"><figure><img loading=\"lazy\" decoding=\"async\" width=\"709\" height=\"471\" src=\"https:\/\/www.enescena.net\/wp-content\/uploads\/2021\/04\/Foto-Diamant-5.jpg\" alt=\"\" data-id=\"781\" data-full-url=\"https:\/\/www.enescena.net\/wp-content\/uploads\/2021\/04\/Foto-Diamant-5.jpg\" data-link=\"https:\/\/www.enescena.net\/?attachment_id=781\" class=\"wp-image-781\" srcset=\"https:\/\/www.enescena.net\/wp-content\/uploads\/2021\/04\/Foto-Diamant-5.jpg 709w, https:\/\/www.enescena.net\/wp-content\/uploads\/2021\/04\/Foto-Diamant-5-300x199.jpg 300w\" sizes=\"auto, (max-width: 709px) 100vw, 709px\" \/><\/figure><\/li><li class=\"blocks-gallery-item\"><figure><img loading=\"lazy\" decoding=\"async\" width=\"709\" height=\"477\" src=\"https:\/\/www.enescena.net\/wp-content\/uploads\/2021\/04\/Foto-Diamant-8.jpg\" alt=\"\" data-id=\"782\" data-full-url=\"https:\/\/www.enescena.net\/wp-content\/uploads\/2021\/04\/Foto-Diamant-8.jpg\" data-link=\"https:\/\/www.enescena.net\/?attachment_id=782\" class=\"wp-image-782\" srcset=\"https:\/\/www.enescena.net\/wp-content\/uploads\/2021\/04\/Foto-Diamant-8.jpg 709w, https:\/\/www.enescena.net\/wp-content\/uploads\/2021\/04\/Foto-Diamant-8-300x202.jpg 300w\" sizes=\"auto, (max-width: 709px) 100vw, 709px\" \/><\/figure><\/li><\/ul><figcaption class=\"blocks-gallery-caption\"><em>La pla\u00e7a del diamant<\/em> &#8211; TNC<\/figcaption><\/figure>\n<!-- \/wp:gallery -->\n\n<!-- wp:paragraph -->\n<p>Hablando un poco sobre su trayectoria profesional, Marc Mart\u00ednez ha trabajado en series como <em>Mira lo que has hecho<\/em>; <em>Luna, el misterio de Calend<\/em>a; <em>Nit i dia<\/em>; <em>Com si fos ahir<\/em>; <em>Tornarem<\/em>; y la actual <em>Hache<\/em>, que no s\u00f3lo ha contribuido a &#8220;hacer m\u00e1s f\u00e1cil&#8221; estos tiempos de pandemia, sino que le ha otorgado el placer de representar un personaje como el g\u00e1ngster Ar\u00edstides. Tambi\u00e9n ha hecho cameos en <em>Crak\u00f2via<\/em> y, pr\u00f3ximamente, aparecer\u00e1 en un cap\u00edtulo de <em>Maric\u00f3n perdido<\/em>, de Bob Pop.<\/p>\n<!-- \/wp:paragraph -->\n\n<!-- wp:paragraph -->\n<p>En la gran pantalla podemos verle en <em>Tierra y libertad<\/em>, que le marc\u00f3 profundamente, no s\u00f3lo por trabajar bajo las \u00f3rdenes del maestro Ken Loach, sino por reencarnarse en el capit\u00e1n Vidal, un personaje real. Como an\u00e9cdota, destacar que visit\u00f3 a la mujer del miliciano republicano con quien pas\u00f3 tres horas de conversaci\u00f3n con el objetivo de conocer m\u00e1s a fondo el papel que representaba. Tambi\u00e9n en <em>Born<\/em> se document\u00f3 personalmente en una calderer\u00eda de Girona, para hacer m\u00e1s ver\u00eddico su interpretaci\u00f3n de pailero. Otras pel\u00edculas en las que ha participado son <em>El pianista<\/em>, <em>El c\u00f3nsul de Sodoma<\/em>, <em>Morir (o no)<\/em> o <em>No s\u00e9 decir adi\u00f3s<\/em>.  <\/p>\n<!-- \/wp:paragraph -->\n\n<!-- wp:paragraph -->\n<p>Sobre las tablas, ha actuado en <em>Golfus de Roma<\/em>, <em>Ets aqu\u00ed?<\/em>, <em>Urtain<\/em>, <em>La pla\u00e7a del Diamant<\/em> y la aclamada <em>Tot esperant Godot<\/em>, con la que gan\u00f3 en el a\u00f1o 2000 el Premio Max y el Butaca como mejor actor de reparto. Tambi\u00e9n ha trabajado como director en <em>Super Rawal<\/em> o <em>Conillet<\/em>. Su obra c\u00faspide es <em>Mal Mart\u00ednez<\/em>, dirigida y protagonizada por \u00e9l mismo, donde narra y canta parte de sus vivencias personales y profesionales.<\/p>\n<!-- \/wp:paragraph -->\n\n<!-- wp:paragraph -->\n<p>A\u00fan ser hombre de teatro, Mart\u00ednez hace suyas las palabras de Rubianes: &#8220;el trabajo dignifica a tu puta madre&#8221;. La dignidad la halla en el recogimiento de su familia y seres queridos, en la libertad o subiendo al castillo de Burriac. \u00a1Cu\u00e1nta raz\u00f3n, Marc Mart\u00ednez! Y qu\u00e9 bonito saber que su amor por el teatro no quita lugar a su amor por la tierra, el huerto, escribir poes\u00eda o amasar hogazas de pan enormes. <\/p>\n<!-- \/wp:paragraph -->\n\n<!-- wp:embed {\"url\":\"https:\/\/youtu.be\/ZhWMEQA53CA\",\"type\":\"video\",\"providerNameSlug\":\"youtube\",\"responsive\":true,\"className\":\"wp-embed-aspect-16-9 wp-has-aspect-ratio\"} -->\n<figure class=\"wp-block-embed is-type-video is-provider-youtube wp-block-embed-youtube wp-embed-aspect-16-9 wp-has-aspect-ratio\"><div class=\"wp-block-embed__wrapper\">\nhttps:\/\/youtu.be\/ZhWMEQA53CA\n<\/div><figcaption>Entrevista completa a Marc Mart\u00ednez<\/figcaption><\/figure>\n<!-- \/wp:embed -->\n\n<!-- wp:paragraph -->\n<p><strong>Buenos d\u00edas Marc, te confieso que me gustar\u00eda tenerte aqu\u00ed charlando todo el d\u00eda. Normalmente las entrevistas duran una media hora, voy a intentar no alargarme mucho m\u00e1s. Pero esta semana est\u00e1n sucediendo tantas cosas de agitaci\u00f3n social y cultural y me apetece tanto hablarlas contigo, que no s\u00e9 si ser\u00e9 fiel a mi promesa. Sin m\u00e1s pre\u00e1mbulos: Marc Mart\u00ednez, uno de los actores catalanes con m\u00e1s verdad, tanto en el momento de presentar un personaje, como impartiendo clases, como sincer\u00e1ndote ante los medios. \u00bfTienes muchos amigos? (risas).<\/strong> <strong>Evidentemente la pregunta es ret\u00f3rica. Cuando las personas somos tan sinceras, pecamos de \u201csincericidas\u201d e \u201cinc\u00f3modas\u201d. A eso me refiero.<\/strong><\/p>\n<!-- \/wp:paragraph -->\n\n<!-- wp:paragraph -->\n<p>S\u00ed, yo creo que s\u00ed, y los que tengo son buenos, porque saben como soy. Por un perro que mat\u00e9&#8230; Es m\u00e1s la fama que tengo. No suele haber mucha gente que se signifique, como dec\u00edan en mi casa. A m\u00ed me gusta, a parte de mi trabajo como actor y director, tener una mirada acerca de la vida. Y dar mi opini\u00f3n.<\/p>\n<!-- \/wp:paragraph -->\n\n<!-- wp:paragraph -->\n<p><strong>Hablemos de pandemia y cultura, \u00bfconseguiremos que la pandemia empiece a destapar ciertas estructuras sociales y pol\u00edticas que bloquean la industria cultural de nuestro pa\u00eds? <\/strong><\/p>\n<!-- \/wp:paragraph -->\n\n<!-- wp:paragraph -->\n<p>Seguramente va a ayudar, porque la pandemia es una crisis y, en toda crisis, las cosas cambian. En este caso, quiz\u00e1s demasiado r\u00e1pido. Ha sido un a\u00f1o de v\u00e9rtigo en el que mucha gente ha perdido la vida, con muchos da\u00f1os colaterales. Pero estas situaciones siempre provocan el efecto mariposa en todos los \u00e1mbitos. Yo creo que salen cosas buenas y vamos a tener que aprovecharlas. Las personas est\u00e1n encerradas en casa y tienen m\u00e1s tiempo para pensar. En otros sentidos, habr\u00e1 cosas que no ser\u00e1n tan buenas&#8230; Esto va a ser una cima y un valle que esperemos que nos haga mejores personas. Yo siempre intento ver la botella medio llena, en positivo, y de todo sacar una lecci\u00f3n para crecer. Entre todos, tenemos que intentar que estos cambios nos hagan ir a mejor. No me creo que la pandemia nos vaya a hacer peores personas de lo que \u00e9ramos.<\/p>\n<!-- \/wp:paragraph -->\n\n<!-- wp:quote {\"className\":\"is-style-default\"} -->\n<blockquote class=\"wp-block-quote is-style-default\"><p>Entre todos, tenemos que intentar que estos cambios nos hagan ir a mejor. No me creo que la pandemia nos vaya a hacer peores personas de lo que \u00e9ramos.<\/p><\/blockquote>\n<!-- \/wp:quote -->\n\n<!-- wp:gallery {\"ids\":[755],\"linkTo\":\"none\"} -->\n<figure class=\"wp-block-gallery columns-1 is-cropped\"><ul class=\"blocks-gallery-grid\"><li class=\"blocks-gallery-item\"><figure><img loading=\"lazy\" decoding=\"async\" width=\"709\" height=\"388\" src=\"https:\/\/www.enescena.net\/wp-content\/uploads\/2021\/04\/Captura-de-pantalla-2021-02-22-a-las-20.51.48.jpg\" alt=\"\" data-id=\"755\" data-full-url=\"https:\/\/www.enescena.net\/wp-content\/uploads\/2021\/04\/Captura-de-pantalla-2021-02-22-a-las-20.51.48.jpg\" data-link=\"https:\/\/www.enescena.net\/?attachment_id=755\" class=\"wp-image-755\" srcset=\"https:\/\/www.enescena.net\/wp-content\/uploads\/2021\/04\/Captura-de-pantalla-2021-02-22-a-las-20.51.48.jpg 709w, https:\/\/www.enescena.net\/wp-content\/uploads\/2021\/04\/Captura-de-pantalla-2021-02-22-a-las-20.51.48-300x164.jpg 300w\" sizes=\"auto, (max-width: 709px) 100vw, 709px\" \/><\/figure><\/li><\/ul><figcaption class=\"blocks-gallery-caption\"><em>Mal Mart\u00ednez<\/em> \u00a9David Ruano<\/figcaption><\/figure>\n<!-- \/wp:gallery -->\n\n<!-- wp:paragraph -->\n<p><strong>\u00bfPor qu\u00e9 cuesta tanto ganarse la vida con la cultura?<\/strong><\/p>\n<!-- \/wp:paragraph -->\n\n<!-- wp:paragraph -->\n<p>La cultura, en general, no interesa demasiado. Y que pensemos, no interesa nada. Que nos encontremos aqu\u00ed y hablemos de todo esto, no interesa. Que la gente se asocie, no interesa. Interesa el borreguismo, el pensamiento \u00fanico, que te digan por d\u00f3nde ir e ir, sin preguntar nada. Si pasa un autob\u00fas y anuncia una obra de teatro, que sea \u00e9sa la que se represente, no la que t\u00fa quieres. En la escuela y la sanidad igual. Pero en la cultura, desgraciadamente peor, ya que como m\u00ednimo, la educaci\u00f3n y sanidad est\u00e1n consideradas un bien p\u00fablico, pero la cultura no. \u00c9se es el problema. No es esencial. Se llenan la boca diciendo que es un bien esencial, pero no es as\u00ed. Nunca me los he cre\u00eddo. En primer lugar, porque la cultura de la que oigo hablar est\u00e1 m\u00e1s centrada en Messi, Justin Bieber o alguna franquicia de un musical de Broadway, que de lo que yo entiendo que es cultura como acepci\u00f3n amplia de lo que es cultura. No me identifico con esa cultura del entretenimiento donde alguien es capaz de, ganando 800 euros al mes, gastarse 150 euros para ver a un cantante sist\u00e9mico, de los que ponen en <em>40 principales<\/em>. Hay que trabajar todo esto desde peque\u00f1os, en P3 o, mejor, en P1, sino las cosas no van a cambiar. La cultura es realmente lo \u00fanico que tenemos, la cultura de base. Luego viene la educaci\u00f3n y la sanidad. Sin cultura te mueres de pena, te enfermas. Sin cultura crece el fascismo, que es peor que el c\u00e1ncer y la pandemia. El fascismo y cualquiera de sus marcas blancas. Hablo de derechas y ultraderechas, muy peligrosas, que son subterr\u00e1neas. Yo siempre las denuncio. Me dan mucho miedo, m\u00e1s que la pandemia que vivimos ahora, porque de momento no hay vacuna para esto.<\/p>\n<!-- \/wp:paragraph -->\n\n<!-- wp:paragraph -->\n<p><strong>Te parafraseo cuando digo que t\u00fa \u201ccultivas cultura\u201d. Supongo que ahora el huerto en vuestra casa de l\u2019Empord\u00e0 no est\u00e1 muy prol\u00edfico, pero tranquilo, en casa segu\u00eds \u201ccultivando cultura\u201d. Aunque, si me permites, Sara, Le\u00f3n y t\u00fa SOIS cultura.<\/strong><\/p>\n<!-- \/wp:paragraph -->\n\n<!-- wp:paragraph -->\n<p>Para t\u00ed. Nosotros somos piezas de ese puzzle immenso que es la cultura, que es como un mosaico. La cultura est\u00e1 fuera, pero est\u00e1 dentro. Est\u00e1 h\u00fameda, pero tambi\u00e9n mojada. Son las ra\u00edces, no s\u00f3lo los frutos que ves en ese \u00e1rbol. Hay partes de la cultura que son intr\u00ednsecas a ella misma y que mucha gente no conoce. Es como &#8220;els castells&#8221;: vemos la &#8220;anxaneta&#8221;, el ni\u00f1o que sube ocho, nueve o diez pisos, pero hay una base que es la &#8220;pinya&#8221; con unas doscientas personas, y \u00e9sa es la cultura, no quien sube arriba y levanta la mano. Creo que la cultura es muy amplia y nosotros (Sara, Le\u00f3n y yo) somos unas &#8220;telecillas&#8221; que andamos por ah\u00ed. <\/p>\n<!-- \/wp:paragraph -->\n\n<!-- wp:paragraph -->\n<p><strong>\u00bfNo has sembrado un huerto en Argentona? Tantos meses de pandemia, y t\u00fa hiperactivo y encerrado en casa\u2026 \u00a1Has tenido que hacerte un huerto!<\/strong><\/p>\n<!-- \/wp:paragraph -->\n\n<!-- wp:paragraph -->\n<p>Como no pod\u00edamos subir a esta casita que tenemos alquilada en L&#8217;Empord\u00e0, he hecho un huerto. La familia me ha ayudado. Al empezar la pandemia me puse a preparar la tierra. Se trata de inaugurar una tierra que no se hab\u00eda cultivado nunca y es muy dif\u00edcil por primera vez. Este a\u00f1o he decidido hacer permacultura: un proceso muy respetuoso con la naturaleza, con tu tierra, con lo que tienes a tu alrededor. Se respeta todo. Evidentemente hago agricultura biol\u00f3gica. \u00a1En alg\u00fan sitio tengo que invertir toda esta energ\u00eda que aun tengo a mi edad! No paro, soy culo de mal asiento.<\/p>\n<!-- \/wp:paragraph -->\n\n<!-- wp:paragraph -->\n<p><strong>\u00bfY qu\u00e9 m\u00e1s has hecho durante el confinamiento?<\/strong><\/p>\n<!-- \/wp:paragraph -->\n\n<!-- wp:paragraph -->\n<p>Ha sido un periodo de estar con la familia, de aprovechar y vivir cada d\u00eda a tope con los ni\u00f1os, sobre todo, los meses que hemos estado encerrados. Como cabeza de familia y ch\u00f3fer, yo iba a buscar la comida y me desplazaba. Tambi\u00e9n iba a visitar a mis padres y llevarles comida. No ha sido tan asfixiante para m\u00ed. He hecho muebles y he convertido mi casa en un obrador: hago hogazas de pan de kilo o kilo y medio. Segu\u00ed los pasos de Ib\u00e1n Yarza, en sus directos. Ha sido un momento de descubrir cosas nuevas de tus hijos y de tu pareja. De recogimiento, pero de mucha actividad. <\/p>\n<!-- \/wp:paragraph -->\n\n<!-- wp:quote {\"className\":\"is-style-default\"} -->\n<blockquote class=\"wp-block-quote is-style-default\"><p>Los actores somos parte del trabajo, pero una serie son muchas cosas m\u00e1s all\u00e1 del protagonista. Empezando por el gui\u00f3n, la direcci\u00f3n o los extras. Para m\u00ed los extras son el bar\u00f3metro de un proyecto.<\/p><\/blockquote>\n<!-- \/wp:quote -->\n\n<!-- wp:gallery {\"ids\":[788,786,787],\"linkTo\":\"none\"} -->\n<figure class=\"wp-block-gallery columns-3 is-cropped\"><ul class=\"blocks-gallery-grid\"><li class=\"blocks-gallery-item\"><figure><img loading=\"lazy\" decoding=\"async\" width=\"250\" height=\"375\" src=\"https:\/\/www.enescena.net\/wp-content\/uploads\/2021\/04\/dbd8a59a-6da0-4422-a7b6-a87fc9dfed81_source-aspect-ratio_1200w_0.jpg\" alt=\"\" data-id=\"788\" data-full-url=\"https:\/\/www.enescena.net\/wp-content\/uploads\/2021\/04\/dbd8a59a-6da0-4422-a7b6-a87fc9dfed81_source-aspect-ratio_1200w_0.jpg\" data-link=\"https:\/\/www.enescena.net\/?attachment_id=788\" class=\"wp-image-788\" srcset=\"https:\/\/www.enescena.net\/wp-content\/uploads\/2021\/04\/dbd8a59a-6da0-4422-a7b6-a87fc9dfed81_source-aspect-ratio_1200w_0.jpg 250w, https:\/\/www.enescena.net\/wp-content\/uploads\/2021\/04\/dbd8a59a-6da0-4422-a7b6-a87fc9dfed81_source-aspect-ratio_1200w_0-200x300.jpg 200w\" sizes=\"auto, (max-width: 250px) 100vw, 250px\" \/><\/figure><\/li><li class=\"blocks-gallery-item\"><figure><img loading=\"lazy\" decoding=\"async\" width=\"669\" height=\"1024\" src=\"https:\/\/www.enescena.net\/wp-content\/uploads\/2021\/04\/Captura-de-pantalla-2021-04-04-a-las-10.43.34-1-669x1024.jpg\" alt=\"\" data-id=\"786\" data-full-url=\"https:\/\/www.enescena.net\/wp-content\/uploads\/2021\/04\/Captura-de-pantalla-2021-04-04-a-las-10.43.34-1.jpg\" data-link=\"https:\/\/www.enescena.net\/?attachment_id=786\" class=\"wp-image-786\" srcset=\"https:\/\/www.enescena.net\/wp-content\/uploads\/2021\/04\/Captura-de-pantalla-2021-04-04-a-las-10.43.34-1-669x1024.jpg 669w, https:\/\/www.enescena.net\/wp-content\/uploads\/2021\/04\/Captura-de-pantalla-2021-04-04-a-las-10.43.34-1-196x300.jpg 196w, https:\/\/www.enescena.net\/wp-content\/uploads\/2021\/04\/Captura-de-pantalla-2021-04-04-a-las-10.43.34-1.jpg 709w\" sizes=\"auto, (max-width: 669px) 100vw, 669px\" \/><\/figure><\/li><li class=\"blocks-gallery-item\"><figure><img loading=\"lazy\" decoding=\"async\" width=\"709\" height=\"1014\" src=\"https:\/\/www.enescena.net\/wp-content\/uploads\/2021\/04\/Sin-ti\u0301tulo-3.jpg\" alt=\"\" data-id=\"787\" data-full-url=\"https:\/\/www.enescena.net\/wp-content\/uploads\/2021\/04\/Sin-ti\u0301tulo-3.jpg\" data-link=\"https:\/\/www.enescena.net\/?attachment_id=787\" class=\"wp-image-787\" srcset=\"https:\/\/www.enescena.net\/wp-content\/uploads\/2021\/04\/Sin-ti\u0301tulo-3.jpg 709w, https:\/\/www.enescena.net\/wp-content\/uploads\/2021\/04\/Sin-ti\u0301tulo-3-210x300.jpg 210w\" sizes=\"auto, (max-width: 709px) 100vw, 709px\" \/><\/figure><\/li><\/ul><figcaption class=\"blocks-gallery-caption\"><em>Hache<\/em> &#8211; Netflix<\/figcaption><\/figure>\n<!-- \/wp:gallery -->\n\n<!-- wp:paragraph -->\n<p><strong>En tu caso, <em>Hache<\/em> te est\u00e1 dando mucho en esta pandemia. \u00a1Gran serie! De hecho, ha llegado a estar entre el top 10 de Netflix. \u00a1Enhorabuena! \u00bfA qu\u00e9 crees que se debe el \u00e9xito?<\/strong><\/p>\n<!-- \/wp:paragraph -->\n\n<!-- wp:paragraph -->\n<p>Porque es buena. Los actores somos parte del trabajo, pero una serie son muchas cosas m\u00e1s all\u00e1 del protagonista. Empezando por el gui\u00f3n de Ver\u00f3nica Fern\u00e1ndez, que es la creadora, y luego Carlos L\u00f3pez, que ha escrito la segunda parte. Y la <em>showrunner<\/em>, que se encarga de la parte del espect\u00e1culo. Muy pocas veces se habla de la importancia del gui\u00f3n. Luego tenemos dos directores, que son como los entrenadores del equipo de f\u00fatbol. Tambi\u00e9n el reparto: somos un mont\u00f3n de actores. Pero detr\u00e1s de la serie hay casi doscientas personas en el equipo. Y casi doscientos extras adem\u00e1s. Los extras tienen mucha importancia, para m\u00ed son el bar\u00f3metro de un proyecto. Si no son profesionales y est\u00e1n mirando a c\u00e1mara, eso afecta a la interpretaci\u00f3n, a la directora de arte, al gui\u00f3n&#8230; Aquello tiene que parecer un sitio de verdad.<\/p>\n<!-- \/wp:paragraph -->\n\n<!-- wp:paragraph -->\n<p><strong>Ayer mismo estabas en Madrid, dime, \u00bfcrees que el trabajo audiovisual se concentra m\u00e1s en la capital que en Barcelona? \u00bfHay m\u00e1s posibilidades?<\/strong><\/p>\n<!-- \/wp:paragraph -->\n\n<!-- wp:paragraph -->\n<p>Madrid es un gran centro de producci\u00f3n. <em>Hache<\/em> la hemos hecho en Barcelona, Terrassa, Manresa, Igualada&#8230; Se est\u00e1n rodando series en Catalunya, pero todav\u00eda hay m\u00e1s trabajo en Madrid. Espero que alguna de estas plataformas inaugure pronto unos grandes estudios aqu\u00ed, no tan centralizados. Est\u00e1 bien abrir y descentralizar.<\/p>\n<!-- \/wp:paragraph -->\n\n<!-- wp:paragraph -->\n<p><strong>Lo que est\u00e1 claro es que con plataformas como Netflix se ha incrementado considerablemente la producci\u00f3n audiovisual. Muchos piensan que afectar\u00e1 en la calidad final, pero <em>Hache<\/em> es un claro ejemplo de que no es as\u00ed.<\/strong><\/p>\n<!-- \/wp:paragraph -->\n\n<!-- wp:paragraph -->\n<p>\u00a1Para nada! Se est\u00e1n haciendo series como si rod\u00e1ramos pel\u00edculas. Cuando se rueda una pel\u00edcula hay otro &#8220;tempo&#8221;, suele haber m\u00e1s dinero y se cuidan las cosas de otra manera. En <em>Hache<\/em> hemos trabajado muy bien, ha habido &#8220;pasta&#8221;, buen\u00edsimos decorados, un gran equipo de extras, avenidas enteras cortadas&#8230; A m\u00ed me han cuidado mucho. Estoy muy contento. Tengo un personaje que no me lo acabo. Me ha tocado m\u00e1s de un bomb\u00f3n, tengo que reconocerlo. El mata yayas que hice en <em>Nit i dia<\/em>, que ahora puede verse en Prime, es otro de ellos. Era un lujazo aquel personaje psic\u00f3pata.<\/p>\n<!-- \/wp:paragraph -->\n\n<!-- wp:gallery {\"ids\":[767,768],\"linkTo\":\"none\"} -->\n<figure class=\"wp-block-gallery columns-2 is-cropped\"><ul class=\"blocks-gallery-grid\"><li class=\"blocks-gallery-item\"><figure><img loading=\"lazy\" decoding=\"async\" width=\"709\" height=\"399\" src=\"https:\/\/www.enescena.net\/wp-content\/uploads\/2021\/04\/Captura-de-pantalla-2021-04-03-a-las-20.21.20.jpg\" alt=\"\" data-id=\"767\" data-full-url=\"https:\/\/www.enescena.net\/wp-content\/uploads\/2021\/04\/Captura-de-pantalla-2021-04-03-a-las-20.21.20.jpg\" data-link=\"https:\/\/www.enescena.net\/?attachment_id=767\" class=\"wp-image-767\" srcset=\"https:\/\/www.enescena.net\/wp-content\/uploads\/2021\/04\/Captura-de-pantalla-2021-04-03-a-las-20.21.20.jpg 709w, https:\/\/www.enescena.net\/wp-content\/uploads\/2021\/04\/Captura-de-pantalla-2021-04-03-a-las-20.21.20-300x169.jpg 300w\" sizes=\"auto, (max-width: 709px) 100vw, 709px\" \/><\/figure><\/li><li class=\"blocks-gallery-item\"><figure><img loading=\"lazy\" decoding=\"async\" width=\"709\" height=\"373\" src=\"https:\/\/www.enescena.net\/wp-content\/uploads\/2021\/04\/Captura-de-pantalla-2021-04-03-a-las-20.22.00.jpg\" alt=\"\" data-id=\"768\" data-full-url=\"https:\/\/www.enescena.net\/wp-content\/uploads\/2021\/04\/Captura-de-pantalla-2021-04-03-a-las-20.22.00.jpg\" data-link=\"https:\/\/www.enescena.net\/?attachment_id=768\" class=\"wp-image-768\" srcset=\"https:\/\/www.enescena.net\/wp-content\/uploads\/2021\/04\/Captura-de-pantalla-2021-04-03-a-las-20.22.00.jpg 709w, https:\/\/www.enescena.net\/wp-content\/uploads\/2021\/04\/Captura-de-pantalla-2021-04-03-a-las-20.22.00-300x158.jpg 300w\" sizes=\"auto, (max-width: 709px) 100vw, 709px\" \/><\/figure><\/li><\/ul><figcaption class=\"blocks-gallery-caption\"><em>Com si fos ahir<\/em> &#8211; TV3<\/figcaption><\/figure>\n<!-- \/wp:gallery -->\n\n<!-- wp:paragraph -->\n<p><strong>En alg\u00fan momento te he o\u00eddo decir que no te ve\u00edas en un serial diario. Y participaste en <em>Com si fos ahir<\/em>. Tambi\u00e9n te he o\u00eddo decir que no interpretar\u00edas seg\u00fan qu\u00e9 papeles de pol\u00edticos, como un hipot\u00e9tico Santi Vila o un Aznar o cualquier representante de Vox. Y como no es el momento de decir que no a nada, \u00bfte retractas?<\/strong><\/p>\n<!-- \/wp:paragraph -->\n\n<!-- wp:paragraph -->\n<p>No. No lo har\u00eda. Me dijo una vez Ken Loach, con quien tuve el gusto de compartir hace muchos a\u00f1os <em>Land and Freedom<\/em>: &#8220;si te ofrecen un papel de rojo en una pel\u00edcula de fachas, no lo hagas. Si te ofrecen un papel de facha o cura en una pel\u00edcula de rojos, hazlo&#8221;. Con esto te lo digo todo. Entonces depender\u00e1 de qui\u00e9n me ofrezca el proyecto. No me importar\u00eda representar alguno de esos individuos energ\u00famenos si detr\u00e1s hay un director como \u00e9l o Cesc Gay. Pero al rev\u00e9s nunca, aunque me pagaran mucho dinero, porque va contra todo lo que soy. Estar\u00eda dispar\u00e1ndole a mi padre. En cuanto a los seriales, durante treinta y pico de a\u00f1os, me he mantenido fiel a mi palabra. Pero hace tres o cuatro a\u00f1os me encontr\u00e9 por la calle a Soria S\u00e1nchez y le ped\u00ed trabajo. Me dio un personaje protagonista en <em>Com si fos ahir<\/em>. Lo hice encantado durante un a\u00f1o. Luego me fui a <em>Hache<\/em>.<\/p>\n<!-- \/wp:paragraph -->\n\n<!-- wp:paragraph -->\n<p><strong>Adem\u00e1s, si todo va bien, en primavera\/verano te podremos ver en <em>Life is Life<\/em>, de Dani de la Torre, y en la producci\u00f3n d\u2019El Terrat <em>Maric\u00f3n Perdido<\/em>, de Bob Pop. \u00a1Un no parar, Marc Mart\u00ednez<\/strong>!<\/p>\n<!-- \/wp:paragraph -->\n\n<!-- wp:paragraph -->\n<p>Tuve suerte con <em>Hache<\/em> porque se par\u00f3 y luego se reanud\u00f3 en julio y la acabamos. Luego me sali\u00f3 un proyecto con Dani de la Torre. Curiosamente, era una prueba para mi hijo, le di la r\u00e9plica y le seleccionaron, pero no pudo hacerlo porque dio un estir\u00f3n y necesitaban un adolescente m\u00e1s peque\u00f1o (\u00a1mi hijo est\u00e1 en 1,75 cm!). Como me lo curr\u00e9 con mi hijo, el director pregunt\u00f3 qui\u00e9n le daba la r\u00e9plica al ni\u00f1o porque crey\u00f3 que no estaba mal, as\u00ed que me llamaron, volv\u00ed a hacer la prueba pero al rev\u00e9s: mi hijo me daba la r\u00e9plica. Y me cogi\u00f3. <\/p>\n<!-- \/wp:paragraph -->\n\n<!-- wp:quote {\"className\":\"is-style-default\"} -->\n<blockquote class=\"wp-block-quote is-style-default\"><p>La educaci\u00f3n y la sanidad est\u00e1n consideradas un bien p\u00fablico, pero la cultura no. Se llenan la boca diciendo que es un bien esencial, pero no es as\u00ed.<\/p><\/blockquote>\n<!-- \/wp:quote -->\n\n<!-- wp:image {\"id\":769,\"sizeSlug\":\"large\",\"linkDestination\":\"none\"} -->\n<figure class=\"wp-block-image size-large\"><img loading=\"lazy\" decoding=\"async\" width=\"1024\" height=\"683\" src=\"https:\/\/www.enescena.net\/wp-content\/uploads\/2021\/04\/AGL7995-1-1024x683.jpg\" alt=\"\" class=\"wp-image-769\" srcset=\"https:\/\/www.enescena.net\/wp-content\/uploads\/2021\/04\/AGL7995-1-1024x683.jpg 1024w, https:\/\/www.enescena.net\/wp-content\/uploads\/2021\/04\/AGL7995-1-300x200.jpg 300w, https:\/\/www.enescena.net\/wp-content\/uploads\/2021\/04\/AGL7995-1-768x512.jpg 768w, https:\/\/www.enescena.net\/wp-content\/uploads\/2021\/04\/AGL7995-1-1536x1024.jpg 1536w, https:\/\/www.enescena.net\/wp-content\/uploads\/2021\/04\/AGL7995-1.jpg 1800w\" sizes=\"auto, (max-width: 1024px) 100vw, 1024px\" \/><figcaption>\u00a9Andr\u00e9s Garc\u00eda Lujan<\/figcaption><\/figure>\n<!-- \/wp:image -->\n\n<!-- wp:paragraph -->\n<p><strong>Estudiaste dos cursos en el Institut del Teatre. Yo llegu\u00e9 a menos, estuve dos semanas con las pruebas de acceso. Y algunos a\u00f1os y estudios preparatorios con diferentes profesores en escuelas de Barcelona. Pero ciertas cosas que viv\u00ed, a pesar de ser muy joven e inexperta, no me gustaron. Por eso ahora toda la pol\u00e9mica sobre abusos y asedios, a m\u00ed no me pilla por sorpresa. \u00bfY a ti?<\/strong><\/p>\n<!-- \/wp:paragraph -->\n\n<!-- wp:paragraph -->\n<p>No. Me tengo que morder la lengua un poco, pero puedo decir cosas. Lo que no voy a hacer ahora es poner nombres. Ya han salido nombres y saldr\u00e1n m\u00e1s. Estamos viviendo un momento diferente, yo creo que mejor. Que cambie, como hemos dicho antes. La gente que est\u00e1 denunciando ahora pertenecen a una generaci\u00f3n entre veintipico y treinta y pico, que no son criaturas, la mayor\u00eda mujeres. Yo empec\u00e9 hace 41 a\u00f1os: en el primero tuve mucha suerte y me trataron bien. Pero siempre ha ido muy asociado el mundo del aprendizaje con mucha ca\u00f1a, malos tratos, malas maneras y abuso de poder. Por otro lado, el acoso tambi\u00e9n lo he visto toda la vida, no solamente en la escuela p\u00fablica, tambi\u00e9n en las privadas, los teatros&#8230; El mundo est\u00e1 cambiando: te asusta una actuaci\u00f3n as\u00ed, pero hoy en d\u00eda hay una gesti\u00f3n de las emociones diferente. Una persona que lo est\u00e1 pasando mal de repente es capaz de empoderarse y salir de ese c\u00edrculo vicioso en el que caen muchas v\u00edctimas. Yo lo he vivido, quiz\u00e1s alg\u00fan d\u00eda escribo mis memorias y contar\u00e9 un mont\u00f3n de cosas. Pero estoy en un momento en el que me encanta que sea la gente joven quien lo haga. Mi hijo viene detr\u00e1s y no lo va a permitir, mucho menos estos de diecisiete a\u00f1os, que tienen las cosas muy claras. No todo el mundo tiene mi car\u00e1cter: yo he llegado a parar un ensayo cuando un desgraciado de estos me ha tratado mal, hace m\u00e1s de veinte a\u00f1os. Esto no ha hecho m\u00e1s que empezar. Hay una revoluci\u00f3n pendiente de mucha &#8220;mierda&#8221; debajo de las alfombras de las instituciones. Si en un sitio no puede pasar, es en los estamentos p\u00fablicos, como el Institut del Teatre. Que lo estamos pagando todos. Todos y todas lo sab\u00edamos y hemos sido c\u00f3mplices. Yo el primero. Hace unos a\u00f1os, cuando Andrea Ros denunci\u00f3 al director del Teatre Lliure, pr\u00e1cticamente nadie la ayud\u00f3, casi al contrario. Muchos amigos del director salieron a defenderle. No hay solidaridad, como es un gremio con mucha competitividad y todo el mundo quiere llegar a un sitio (que vete t\u00fa a saber que sitio es), estos hijos de &#8220;fruta&#8221; se aprovechan. <\/p>\n<!-- \/wp:paragraph -->\n\n<!-- wp:quote {\"className\":\"is-style-default\"} -->\n<blockquote class=\"wp-block-quote is-style-default\"><p>Entiendo a estos j\u00f3venes que dan la cara por la libertad de expresi\u00f3n: son los mismos que denuncian a sus agresores del Institut del Teatre. Ojo con esta generaci\u00f3n, que los tienen muy bien puestos. Mejor que nosotros.<\/p><\/blockquote>\n<!-- \/wp:quote -->\n\n<!-- wp:gallery {\"ids\":[765,766,764],\"linkTo\":\"none\"} -->\n<figure class=\"wp-block-gallery columns-3 is-cropped\"><ul class=\"blocks-gallery-grid\"><li class=\"blocks-gallery-item\"><figure><img loading=\"lazy\" decoding=\"async\" width=\"761\" height=\"830\" src=\"https:\/\/www.enescena.net\/wp-content\/uploads\/2021\/04\/malmartinez2.jpg\" alt=\"\" data-id=\"765\" data-full-url=\"https:\/\/www.enescena.net\/wp-content\/uploads\/2021\/04\/malmartinez2.jpg\" data-link=\"https:\/\/www.enescena.net\/?attachment_id=765\" class=\"wp-image-765\" srcset=\"https:\/\/www.enescena.net\/wp-content\/uploads\/2021\/04\/malmartinez2.jpg 761w, https:\/\/www.enescena.net\/wp-content\/uploads\/2021\/04\/malmartinez2-275x300.jpg 275w\" sizes=\"auto, (max-width: 761px) 100vw, 761px\" \/><\/figure><\/li><li class=\"blocks-gallery-item\"><figure><img loading=\"lazy\" decoding=\"async\" width=\"761\" height=\"830\" src=\"https:\/\/www.enescena.net\/wp-content\/uploads\/2021\/04\/malmartinez3.jpg\" alt=\"\" data-id=\"766\" data-full-url=\"https:\/\/www.enescena.net\/wp-content\/uploads\/2021\/04\/malmartinez3.jpg\" data-link=\"https:\/\/www.enescena.net\/?attachment_id=766\" class=\"wp-image-766\" srcset=\"https:\/\/www.enescena.net\/wp-content\/uploads\/2021\/04\/malmartinez3.jpg 761w, https:\/\/www.enescena.net\/wp-content\/uploads\/2021\/04\/malmartinez3-275x300.jpg 275w\" sizes=\"auto, (max-width: 761px) 100vw, 761px\" \/><\/figure><\/li><li class=\"blocks-gallery-item\"><figure><img loading=\"lazy\" decoding=\"async\" width=\"761\" height=\"830\" src=\"https:\/\/www.enescena.net\/wp-content\/uploads\/2021\/04\/malmartinez1.jpg\" alt=\"\" data-id=\"764\" data-full-url=\"https:\/\/www.enescena.net\/wp-content\/uploads\/2021\/04\/malmartinez1.jpg\" data-link=\"https:\/\/www.enescena.net\/?attachment_id=764\" class=\"wp-image-764\" srcset=\"https:\/\/www.enescena.net\/wp-content\/uploads\/2021\/04\/malmartinez1.jpg 761w, https:\/\/www.enescena.net\/wp-content\/uploads\/2021\/04\/malmartinez1-275x300.jpg 275w\" sizes=\"auto, (max-width: 761px) 100vw, 761px\" \/><\/figure><\/li><\/ul><figcaption class=\"blocks-gallery-caption\"><em>Mal Mart\u00ednez<\/em> \u00a9David Ruano<\/figcaption><\/figure>\n<!-- \/wp:gallery -->\n\n<!-- wp:paragraph -->\n<p><strong>Y de ampolla en ampolla: hablemos de libertad de expresi\u00f3n. Digo hablemos, porque t\u00fa que eres tambi\u00e9n cantante (te defines como cantante vacacional), mejor no tararees no sea que vayas directo a Ponent\u2026 pero no de vacaciones. \u00bfExiste la cultura sin libertad de expresi\u00f3n?<\/strong><\/p>\n<!-- \/wp:paragraph -->\n\n<!-- wp:paragraph -->\n<p>\u00bfEs una broma? Esta pregunta no ha lugar.<\/p>\n<!-- \/wp:paragraph -->\n\n<!-- wp:paragraph -->\n<p><strong>\u00bfSe puede ser cr\u00edtico con los estamentos mon\u00e1rquicos y pol\u00edticos sin ofender y sin ser encarcelado? \u00bfHay unos l\u00edmites infranqueables, son difusos o poner l\u00edmites ya es coartar la libertad de expresi\u00f3n?<\/strong><\/p>\n<!-- \/wp:paragraph -->\n\n<!-- wp:paragraph -->\n<p>No se puede. Fomentan el miedo. Estamos sufriendo una regresi\u00f3n a cuando yo era peque\u00f1o, despu\u00e9s de la transici\u00f3n, con los grises pegando a mi primo y abriendo la cabeza a los j\u00f3venes revolucionarios de los a\u00f1os ochenta. Yo pensaba que no lo volver\u00eda a ver. Y despu\u00e9s de cuarenta a\u00f1os, se ha ido todo al garete. Estamos peor. En Catalunya, en el parlament, tenemos diez u once esca\u00f1os de la ultraderecha, de Vox. \u00a1Ni en mi peor pesadilla me lo hubiera imaginado! \u00bfLibertad de expresi\u00f3n? \u00a1Int\u00e9ntalo! Te pueden encerrar en la c\u00e1rcel. Estamos los primeros en el ranking de Europa, con catorce artistas el a\u00f1o pasado, por delante de pa\u00edses como Ir\u00e1n, Hungr\u00eda o Turqu\u00eda. Y luego, la gente que sale a manifestarse por el derecho de la libertad de expresi\u00f3n, recibe hostias hasta en el carnet de identidad. Porque son j\u00f3venes, son revolucionarios, como dicen <em>els mossos de esquadra<\/em> (est\u00e1 grabado): que son &#8220;rojos de mierda&#8221; o &#8220;maricona, ahora no eres tan valiente&#8221;. Se est\u00e1 perdiendo hasta el derecho de manifestaci\u00f3n. Si embargo, los fascistas pueden congregarse en Madrid en el barrio de Salamanca. Hab\u00eda una ni\u00f1a, una blogger, diciendo que el problema de todo &#8220;son los jud\u00edos&#8221;. \u00a1No me lo puedo creer! Porque me pilla con 55 a\u00f1os, sino yo estar\u00eda ah\u00ed quemando contenedores y li\u00e1ndola. Como no te hacen caso, hay que hacer algo. Y si encima te manifiestas y los &#8220;perros&#8221; del estado te revientan a hostias, \u00bfqu\u00e9 vas a hacer? Contra el sistema. A mi no me parece que est\u00e1 bien que las personas rompan los escaparates, pero si te est\u00e1n rompiendo la cara, tienes que moverte. Como dec\u00eda Xirinacs: &#8220;la violencia del opresor hay que defenderla con la violencia del ofendido&#8221;. Entiendo perfectamente a estos j\u00f3venes valientes que dan la cara: son los mismos que denuncian a sus agresores del Institut del Teatre. Ojo con esta generaci\u00f3n, que los tienen muy bien puestos. Mejor que nosotros. <\/p>\n<!-- \/wp:paragraph -->\n\n<!-- wp:paragraph -->\n<p><strong>Para finalizar, en una entrevista le\u00ed que si ahora relataras tu vida en un mon\u00f3logo, cambiar\u00eda del <em>Mal Mart\u00ednez<\/em> al &#8220;Buen Mart\u00ednez&#8221;. Te tomo la palabra, \u00a1cu\u00e1ntas ganas de volver al teatro a verte! Pero insisto, cuidado qu\u00e9 cantas con tu guitarra cadete\u2026<\/strong><\/p>\n<!-- \/wp:paragraph -->\n\n<!-- wp:paragraph -->\n<p>Me encantar\u00eda volver al teatro. Pero de tanto bajar a la mina cantando, se me muri\u00f3 el canario&#8230; Me dije que igual hab\u00eda llegado el momento de dar un paso al lado y volver a recuperar mi carrera como actor de audiovisuales. El teatro est\u00e1 en &#8220;stand by&#8221;. <em>Mal Mart\u00ednez <\/em>fue una experiencia maravillosa, me lo pas\u00e9 muy bien durante 3 a\u00f1os, pero lleg\u00f3 un momento en que no me ganaba la vida y me dejaba la vida. Tuve las mejores cr\u00edticas de mi carrera. Hasta Marcos Ord\u00f3\u00f1ez nunca me hab\u00eda dejado tan maravillosamente bien, lleg\u00f3 a decir que yo era el relevo de Pepe Rubianes. Cuando lo le\u00ed pens\u00e9 que ya me pod\u00eda retirar. Volver\u00e9, no s\u00e9 si con el Buen Mart\u00ednez o M\u00e1s Mart\u00ednez o Menos Mart\u00ednez. Siempre ser\u00e9 yo mismo. Como nac\u00ed en un escenario, no s\u00e9 si morir all\u00ed, aunque preferir\u00eda morirme en el huerto como Marlon Brando en <em>El padrino<\/em>. Ahora estoy con el foco puesto en las pel\u00edculas y series.<\/p>\n<!-- \/wp:paragraph -->","protected":false},"excerpt":{"rendered":"<p>&#8220;Sin cultura crece el fascismo, que es peor que el c\u00e1ncer y la pandemia actual.&#8221; Desde siempre me han gustado&#8230;<\/p>\n","protected":false},"author":1,"featured_media":745,"comment_status":"open","ping_status":"open","sticky":false,"template":"","format":"standard","meta":{"footnotes":""},"categories":[5,3,24],"tags":[102,86,99,100,101],"class_list":["post-744","post","type-post","status-publish","format-standard","has-post-thumbnail","hentry","category-entrevistes","category-fenomens","category-portada","tag-actor-catala","tag-com-si-fos-ahir","tag-hache","tag-mal-martinez","tag-nit-i-dia"],"_links":{"self":[{"href":"https:\/\/www.enescena.net\/wp-json\/wp\/v2\/posts\/744","targetHints":{"allow":["GET"]}}],"collection":[{"href":"https:\/\/www.enescena.net\/wp-json\/wp\/v2\/posts"}],"about":[{"href":"https:\/\/www.enescena.net\/wp-json\/wp\/v2\/types\/post"}],"author":[{"embeddable":true,"href":"https:\/\/www.enescena.net\/wp-json\/wp\/v2\/users\/1"}],"replies":[{"embeddable":true,"href":"https:\/\/www.enescena.net\/wp-json\/wp\/v2\/comments?post=744"}],"version-history":[{"count":9,"href":"https:\/\/www.enescena.net\/wp-json\/wp\/v2\/posts\/744\/revisions"}],"predecessor-version":[{"id":796,"href":"https:\/\/www.enescena.net\/wp-json\/wp\/v2\/posts\/744\/revisions\/796"}],"wp:featuredmedia":[{"embeddable":true,"href":"https:\/\/www.enescena.net\/wp-json\/wp\/v2\/media\/745"}],"wp:attachment":[{"href":"https:\/\/www.enescena.net\/wp-json\/wp\/v2\/media?parent=744"}],"wp:term":[{"taxonomy":"category","embeddable":true,"href":"https:\/\/www.enescena.net\/wp-json\/wp\/v2\/categories?post=744"},{"taxonomy":"post_tag","embeddable":true,"href":"https:\/\/www.enescena.net\/wp-json\/wp\/v2\/tags?post=744"}],"curies":[{"name":"wp","href":"https:\/\/api.w.org\/{rel}","templated":true}]}}